{"id":77906,"date":"2019-01-26T14:38:16","date_gmt":"2019-01-26T14:38:16","guid":{"rendered":"http:\/\/plazajuarez.mx\/index\/index.php\/2019\/01\/26\/dia-naranja-actividades-de-aprendizaje-sobre-perspectiva-de-genero-a-preescolares\/"},"modified":"2019-01-26T14:38:16","modified_gmt":"2019-01-26T14:38:16","slug":"dia-naranja-actividades-de-aprendizaje-sobre-perspectiva-de-genero-a-preescolares","status":"publish","type":"post","link":"https:\/\/plazajuarez.mx\/historico\/dia-naranja-actividades-de-aprendizaje-sobre-perspectiva-de-genero-a-preescolares\/","title":{"rendered":"D\u00eda Naranja; actividades de aprendizaje sobre Perspectiva de G\u00e9nero \u00a0a preescolares"},"content":{"rendered":"<p>\u00a0<\/p>\n<p>Para fomentar la igualdad entre ni\u00f1as y ni\u00f1os, y hablar de la tarea de eliminar la violencia contra mujeres y ni\u00f1as, el d\u00eda 25 D\u00eda Naranja; el DIF Tula, la Instancia Municipal de la Mujer, la Comisi\u00f3n de Perspectiva de G\u00e9nero de la Asamblea Municipal de Tula, y la Presidencia Municipal de Tula, a trav\u00e9s de\u00a0 la direcci\u00f3n de Cultura, y el Sipinna; llevaron actividades de aprendizaje en ambos temas a los alumnos y alumnas del preescolar comunitario \u201cJavier Rojo G\u00f3mez\u201d, de la comunidad de San Miguel de las Piedras, \u00a0segunda secci\u00f3n.<\/p>\n<p>  <!--more-->  <\/p>\n<p>La presidenta del Sistema DIF Municipal de Tula, Liliana Aguirre Mej\u00eda, ante ni\u00f1os y ni\u00f1as adem\u00e1s de mam\u00e1s, a quienes se dirigi\u00f3 con el mensaje para erradicar la violencia especialmente contra ni\u00f1as y mujeres donde dijo que el presidente municipal, Ismael Gadoth Tapia Ben\u00edtez, y desde varias instancias de la administraci\u00f3n municipal, se est\u00e1 ocupado en que los ni\u00f1os y ni\u00f1as, y las familias cuenten con informaci\u00f3n en estos temas.<\/p>\n<p>Liliana Aguirre agradeci\u00f3 la iniciativa de las regidoras integrantes de la Comisi\u00f3n de Perspectiva de G\u00e9nero, Magda Ang\u00e9lica Chapa Trujillo y Gabriela Morales P\u00e9rez, por acercar estas actividades en la que de acuerdo con los programas de Educaci\u00f3n Preescolar, los objetivos de este nivel educativo son que \u201clas ni\u00f1as y los ni\u00f1os desarrollen un sentido positivo de s\u00ed mismos, expresen sus sentimientos, empiecen a actuar con iniciativa y autonom\u00eda, a regular sus emociones y muestren disposici\u00f3n para aprender\u201d.<\/p>\n<p>Dijo que adem\u00e1s para que se apropien de los valores y principios de la vida en comunidad para que puedan asumir siempre actitudes de respeto, responsabilidad, justicia y tolerancia hacia todos sus compa\u00f1eros y a las personas que conocer\u00e1n a lo largo de su vida, fomentando la no violencia en contra de la mujer, actuando con base en el respeto a los derechos de los dem\u00e1s.<\/p>\n<p>La regidora Magda Ang\u00e9lica Chapa Trujillo, presidenta de la Comisi\u00f3n de Perspectiva de G\u00e9nero, indic\u00f3 que se acercan estas actividades informativas porque los ni\u00f1os y las ni\u00f1as son parte de la sociedad. Y porque este sector de la poblaci\u00f3n tiene derecho a la integridad f\u00edsica y personal as\u00ed como a la protecci\u00f3n contra todas las formas de violencia.\u00a0<\/p>\n<p>La regidora Gabriela Morales P\u00e9rez, integrante de la Comisi\u00f3n, secund\u00f3 la iniciativa y junto con las funcionarias participantes y el equipo de servidores p\u00fablicos, hicieron entrega de playeras en color naranja para cada ni\u00f1o y ni\u00f1a.<\/p>\n<p>Se aprovech\u00f3 para hacer la invitaci\u00f3n a la directora del plantel, Cecilia Febronio Gonz\u00e1lez y a la educadora Alma Flores Cruz, el fomentar acciones cada 25 de mes, en el sal\u00f3n de clase para actuar contra la violencia y fomentar los derechos.<\/p>\n<p>La directora de la Instancia Municipal de la Mujer, Alma Irays Ram\u00edrez Vega, habl\u00f3 con los ni\u00f1os y ni\u00f1as sobre qu\u00e9 es violencia y cu\u00e1les son algunos de los rasgos de la misma; los invit\u00f3 a realizar sus actividades sin que nadie los limite, como ejemplo el poder elegir libremente qu\u00e9 profesi\u00f3n u oficio aspiran a ser de adultos.<\/p>\n<p>Por parte de la Instancia de la Mujer, Harumi Ben\u00edtez Abarca y Cristina Hern\u00e1ndez Olvera, efectuaron dos din\u00e1micas con juegos en los que se habl\u00f3 de la igualdad entre ni\u00f1os y ni\u00f1as, la aspiraci\u00f3n a realizar libremente actividades de juego con juguetes sin g\u00e9nero, no sexistas y no violentos.<\/p>\n<p>La psic\u00f3loga Brisa Hern\u00e1ndez Cer\u00f3n, secretaria ejecutiva del Sistema Municipal de Protecci\u00f3n Integral de Ni\u00f1as, Ni\u00f1os y Adolescentes (Sipinna) en Tula, realiz\u00f3 din\u00e1micas de integraci\u00f3n del grupo y habl\u00f3 sobre los derechos para todas las ni\u00f1as y ni\u00f1os.\u00a0<\/p>\n<p>La direcci\u00f3n de Cultura, present\u00f3 un cuentacuentos a cargo de Yadira Navarrete, quien narr\u00f3 el cuento \u201cLa cucaracha Martina\u201d, en el fomento a la participaci\u00f3n de toda la familia en actividades del hogar y as\u00ed evitar sobrecargar de trabajo a una persona, en este caso a la mam\u00e1 de familia.<\/p>\n","protected":false},"excerpt":{"rendered":"<p>\u00a0 Para fomentar la igualdad entre ni\u00f1as y ni\u00f1os, y hablar de la tarea de eliminar la violencia contra mujeres y ni\u00f1as, el d\u00eda 25 D\u00eda Naranja; el DIF Tula, la Instancia Municipal de la Mujer, la Comisi\u00f3n de Perspectiva de G\u00e9nero de la Asamblea Municipal de Tula, y la Presidencia Municipal de Tula, a [&hellip;]<\/p>\n","protected":false},"author":3,"featured_media":0,"comment_status":"open","ping_status":"open","sticky":false,"template":"","format":"standard","meta":{"footnotes":""},"categories":[40],"tags":[],"class_list":["post-77906","post","type-post","status-publish","format-standard","hentry","category-region"],"_links":{"self":[{"href":"https:\/\/plazajuarez.mx\/historico\/wp-json\/wp\/v2\/posts\/77906","targetHints":{"allow":["GET"]}}],"collection":[{"href":"https:\/\/plazajuarez.mx\/historico\/wp-json\/wp\/v2\/posts"}],"about":[{"href":"https:\/\/plazajuarez.mx\/historico\/wp-json\/wp\/v2\/types\/post"}],"author":[{"embeddable":true,"href":"https:\/\/plazajuarez.mx\/historico\/wp-json\/wp\/v2\/users\/3"}],"replies":[{"embeddable":true,"href":"https:\/\/plazajuarez.mx\/historico\/wp-json\/wp\/v2\/comments?post=77906"}],"version-history":[{"count":0,"href":"https:\/\/plazajuarez.mx\/historico\/wp-json\/wp\/v2\/posts\/77906\/revisions"}],"wp:attachment":[{"href":"https:\/\/plazajuarez.mx\/historico\/wp-json\/wp\/v2\/media?parent=77906"}],"wp:term":[{"taxonomy":"category","embeddable":true,"href":"https:\/\/plazajuarez.mx\/historico\/wp-json\/wp\/v2\/categories?post=77906"},{"taxonomy":"post_tag","embeddable":true,"href":"https:\/\/plazajuarez.mx\/historico\/wp-json\/wp\/v2\/tags?post=77906"}],"curies":[{"name":"wp","href":"https:\/\/api.w.org\/{rel}","templated":true}]}}