{"id":77900,"date":"2019-01-26T14:29:48","date_gmt":"2019-01-26T14:29:48","guid":{"rendered":"http:\/\/plazajuarez.mx\/index\/index.php\/2019\/01\/26\/concluyen-curso-de-defensa-personal-para-mujeres\/"},"modified":"2019-01-26T14:29:48","modified_gmt":"2019-01-26T14:29:48","slug":"concluyen-curso-de-defensa-personal-para-mujeres","status":"publish","type":"post","link":"https:\/\/plazajuarez.mx\/historico\/concluyen-curso-de-defensa-personal-para-mujeres\/","title":{"rendered":"Concluyen curso de defensa personal para mujeres"},"content":{"rendered":"<p>\u00a0<\/p>\n<p>En el marco de la celebraci\u00f3n del d\u00eda naranja, con el fin de concientizar respecto a erradicar la violencia contra la mujer, fue concluido el curso de defensa personal impartido por el Instituto Municipal de las Mujeres de Mineral de la Reforma.<\/p>\n<p>  <!--more-->  <\/p>\n<p>Al respecto Claudia Santander Gonz\u00e1lez, directora general de esta dependencia coment\u00f3, que este aprendizaje de nuevas t\u00e9cnicas le permite a este sector reaccionar, ante una posible situaci\u00f3n de peligro.<\/p>\n<p>Record\u00f3 que a inicios de semana, tambi\u00e9n tuvo la oportunidad de clausurar el curso de Fieltro Navide\u00f1o, \u201ccon estos cursos buscamos fortalecer las actividades para emprender un negocio, que les genere ingreso a sus familias en el aprovechamiento del tiempo de ocio, y al final tenemos la oportunidad de que \u00a0as\u00ed como hoy podamos exponer los resultados del curso\u201d.<\/p>\n<p>Puntualiz\u00f3 que el curso \u00a0fue dirigido a mujeres de todas la edades, con el prop\u00f3sito fundamental de contribuir a la equidad de g\u00e9nero; adem\u00e1s de fortalecer la confianza, y seguridad de quienes participan.<\/p>\n<p>Asimismo a\u00f1adi\u00f3 que este tipo de \u00a0actividades permiten promover el respeto hacia las mujeres y brindarles herramientas para poder salir de una situaci\u00f3n de riesgo; en tanto puntualiz\u00f3 que se trat\u00f3 de un taller gratuito con una \u00a0taller duraci\u00f3n de tres meses.<\/p>\n<p>Finalmente Claudia Santander Gonz\u00e1lez; invit\u00f3 a las mujeres de Mineral de la Reforma a conocer el instituto que encabeza y conocer \u00a0los servicios que ofrece como la atenci\u00f3n jur\u00eddica y psicol\u00f3gica, capacitaci\u00f3n, becas, estudios de colposcopia para prevenci\u00f3n de c\u00e1ncer cervicouterino, densitometr\u00eda \u00f3sea, jornadas de salud visual, mastograf\u00eda, terapeuta.<\/p>\n<p>Asi como microcr\u00e9ditos para emprender negocios, pl\u00e1ticas informativas y talleres para erradicar la violencia contra las mujeres, talleres y conferencias de empoderamiento hacia este sector prioritario.<\/p>\n","protected":false},"excerpt":{"rendered":"<p>\u00a0 En el marco de la celebraci\u00f3n del d\u00eda naranja, con el fin de concientizar respecto a erradicar la violencia contra la mujer, fue concluido el curso de defensa personal impartido por el Instituto Municipal de las Mujeres de Mineral de la Reforma.<\/p>\n","protected":false},"author":3,"featured_media":0,"comment_status":"open","ping_status":"open","sticky":false,"template":"","format":"standard","meta":{"footnotes":""},"categories":[59],"tags":[],"class_list":["post-77900","post","type-post","status-publish","format-standard","hentry","category-general"],"_links":{"self":[{"href":"https:\/\/plazajuarez.mx\/historico\/wp-json\/wp\/v2\/posts\/77900","targetHints":{"allow":["GET"]}}],"collection":[{"href":"https:\/\/plazajuarez.mx\/historico\/wp-json\/wp\/v2\/posts"}],"about":[{"href":"https:\/\/plazajuarez.mx\/historico\/wp-json\/wp\/v2\/types\/post"}],"author":[{"embeddable":true,"href":"https:\/\/plazajuarez.mx\/historico\/wp-json\/wp\/v2\/users\/3"}],"replies":[{"embeddable":true,"href":"https:\/\/plazajuarez.mx\/historico\/wp-json\/wp\/v2\/comments?post=77900"}],"version-history":[{"count":0,"href":"https:\/\/plazajuarez.mx\/historico\/wp-json\/wp\/v2\/posts\/77900\/revisions"}],"wp:attachment":[{"href":"https:\/\/plazajuarez.mx\/historico\/wp-json\/wp\/v2\/media?parent=77900"}],"wp:term":[{"taxonomy":"category","embeddable":true,"href":"https:\/\/plazajuarez.mx\/historico\/wp-json\/wp\/v2\/categories?post=77900"},{"taxonomy":"post_tag","embeddable":true,"href":"https:\/\/plazajuarez.mx\/historico\/wp-json\/wp\/v2\/tags?post=77900"}],"curies":[{"name":"wp","href":"https:\/\/api.w.org\/{rel}","templated":true}]}}