{"id":77897,"date":"2019-01-26T14:21:18","date_gmt":"2019-01-26T14:21:18","guid":{"rendered":"http:\/\/plazajuarez.mx\/index\/index.php\/2019\/01\/26\/acusan-a-maestra-de-caic-por-abusiva\/"},"modified":"2019-01-26T14:21:18","modified_gmt":"2019-01-26T14:21:18","slug":"acusan-a-maestra-de-caic-por-abusiva","status":"publish","type":"post","link":"https:\/\/plazajuarez.mx\/historico\/acusan-a-maestra-de-caic-por-abusiva\/","title":{"rendered":"Acusan a maestra de CAIC por abusiva"},"content":{"rendered":"<p>Luego de que el pasado lunes padres de familia hicieran p\u00fablica la situaci\u00f3n que prevalec\u00eda en un grupo de segundo a\u00f1o de preescolar del Centro de Atenci\u00f3n Infantil Comunitario (CAIC) de \u201cLa Raza\u201d, en la capital hidalguense, padres de algunos de los ni\u00f1os presuntamente agredidos por la maestra Magali Anah\u00ed J. R. \u00a0Decidieron acudir a varias instancias a fin de que se investigue, se sancione y se cese a la docente tras considerarla \u201cun riesgo para la ni\u00f1ez en Hidalgo\u201d.<\/p>\n<p>  <!--more-->  <\/p>\n<p>En entrevista para Diario Plaza Ju\u00e1rez, algunos de los padres comentaron que ya se iniciaron carpetas de investigaci\u00f3n en las instancias correspondientes, luego de que se obtuvieran resultados psicol\u00f3gicos que los pusieron en alerta, ya que hubo ni\u00f1os que con s\u00f3lo mencionarles el nombre de la maestra, se orinaron en los pantalones.<\/p>\n<p>\u201cAlgunos ya recibieron atenci\u00f3n psicol\u00f3gica en el Centro de Atenci\u00f3n a V\u00edctimas (Cavi), la situaci\u00f3n es complicada porque al parecer esta maestra traumaba a los ni\u00f1os, los humillaba \u00a0e incluso a algunos les dio golpes por lo que me refiere mi hijo, y esta es una situaci\u00f3n que no vamos a permitir, llegaremos hasta las \u00faltimas consecuencias, esa persona no debe dar clases aqu\u00ed ni en ninguna otra escuela\u201d, dijo.<\/p>\n<p>Lo anterior luego de que el pasado lunes, \u201cla maestra llevara a los ni\u00f1os al ba\u00f1o, les bajara la ropa interior, los dobl\u00f3, les abriera las nalgas y les dijera \u2013sucios- para darles a algunos una nalgada\u201d, situaci\u00f3n que provoc\u00f3 la reacci\u00f3n inmediata de padres de familia quienes hicieron p\u00fablica su denuncia a trav\u00e9s de las redes sociales y \u00a0ante las autoridades pertinentes.<\/p>\n<p>Sin embargo, padres de los afectados apuntaron que no todos los padres de familia quisieron intervenir, unos por represalias y otros por ponerse a favor de la maestra bajo el argumento de \u201csi nosotros como padres a veces no los aguantamos, pobre maestra\u201d, y a lo que replicaron otros \u201cquiz\u00e1 a ellos sus hijos no les interesen, o quieran que suceda algo m\u00e1s grave para que les valga madres las represalias, a nosotros no, no descansaremos hasta llegar a las \u00faltimas consecuencias\u201d, dijeron.<\/p>\n<p>Finalmente apuntaron que al menos en el CAIC la maestra ya fue cesada, pero enfatizaron que es necesario que se garantice que no vuelva a trabajar para que otros ni\u00f1os no corran un riesgo similar.<\/p><\/p>\n","protected":false},"excerpt":{"rendered":"<p>Luego de que el pasado lunes padres de familia hicieran p\u00fablica la situaci\u00f3n que prevalec\u00eda en un grupo de segundo a\u00f1o de preescolar del Centro de Atenci\u00f3n Infantil Comunitario (CAIC) de \u201cLa Raza\u201d, en la capital hidalguense, padres de algunos de los ni\u00f1os presuntamente agredidos por la maestra Magali Anah\u00ed J. R. \u00a0Decidieron acudir a [&hellip;]<\/p>\n","protected":false},"author":3,"featured_media":0,"comment_status":"open","ping_status":"open","sticky":false,"template":"","format":"standard","meta":{"footnotes":""},"categories":[59],"tags":[],"class_list":["post-77897","post","type-post","status-publish","format-standard","hentry","category-general"],"_links":{"self":[{"href":"https:\/\/plazajuarez.mx\/historico\/wp-json\/wp\/v2\/posts\/77897","targetHints":{"allow":["GET"]}}],"collection":[{"href":"https:\/\/plazajuarez.mx\/historico\/wp-json\/wp\/v2\/posts"}],"about":[{"href":"https:\/\/plazajuarez.mx\/historico\/wp-json\/wp\/v2\/types\/post"}],"author":[{"embeddable":true,"href":"https:\/\/plazajuarez.mx\/historico\/wp-json\/wp\/v2\/users\/3"}],"replies":[{"embeddable":true,"href":"https:\/\/plazajuarez.mx\/historico\/wp-json\/wp\/v2\/comments?post=77897"}],"version-history":[{"count":0,"href":"https:\/\/plazajuarez.mx\/historico\/wp-json\/wp\/v2\/posts\/77897\/revisions"}],"wp:attachment":[{"href":"https:\/\/plazajuarez.mx\/historico\/wp-json\/wp\/v2\/media?parent=77897"}],"wp:term":[{"taxonomy":"category","embeddable":true,"href":"https:\/\/plazajuarez.mx\/historico\/wp-json\/wp\/v2\/categories?post=77897"},{"taxonomy":"post_tag","embeddable":true,"href":"https:\/\/plazajuarez.mx\/historico\/wp-json\/wp\/v2\/tags?post=77897"}],"curies":[{"name":"wp","href":"https:\/\/api.w.org\/{rel}","templated":true}]}}