{"id":77894,"date":"2019-01-26T14:17:48","date_gmt":"2019-01-26T14:17:48","guid":{"rendered":"http:\/\/plazajuarez.mx\/index\/index.php\/2019\/01\/26\/suma-cdheh-a-abogados-en-difusion-de-derechos-humanos\/"},"modified":"2019-01-26T14:17:48","modified_gmt":"2019-01-26T14:17:48","slug":"suma-cdheh-a-abogados-en-difusion-de-derechos-humanos","status":"publish","type":"post","link":"https:\/\/plazajuarez.mx\/historico\/suma-cdheh-a-abogados-en-difusion-de-derechos-humanos\/","title":{"rendered":"Suma CDHEH a abogados en  difusi\u00f3n de derechos humanos"},"content":{"rendered":"<p>\u00a0<\/p>\n<p>El Presidente de la Comisi\u00f3n de Derechos Humanos del Estado de Hidalgo (CDHEH), Alejandro Habib Nicol\u00e1s, se reuni\u00f3 con representantes de Colegios, Barras, Asociaciones y Foros de Abogados de la entidad, a quienes les explic\u00f3 los ejes rectores del Plan Institucional 2018-2023 que considera la creaci\u00f3n de tres nuevas visitadur\u00edas y una intensa difusi\u00f3n de los derechos humanos en las instituciones educativas.<\/p>\n<p>  <!--more-->  <\/p>\n<p>En su intervenci\u00f3n, las y los abogados mostraron su inter\u00e9s por que se promocionen los derechos de j\u00f3venes, mujeres, adultos mayores e ind\u00edgenas, y se dijeron dispuestos a sumar para que las acciones encaminadas contribuyan a una mejor sociedad.<\/p>\n","protected":false},"excerpt":{"rendered":"<p>\u00a0 El Presidente de la Comisi\u00f3n de Derechos Humanos del Estado de Hidalgo (CDHEH), Alejandro Habib Nicol\u00e1s, se reuni\u00f3 con representantes de Colegios, Barras, Asociaciones y Foros de Abogados de la entidad, a quienes les explic\u00f3 los ejes rectores del Plan Institucional 2018-2023 que considera la creaci\u00f3n de tres nuevas visitadur\u00edas y una intensa difusi\u00f3n [&hellip;]<\/p>\n","protected":false},"author":3,"featured_media":0,"comment_status":"open","ping_status":"open","sticky":false,"template":"","format":"standard","meta":{"footnotes":""},"categories":[59],"tags":[],"class_list":["post-77894","post","type-post","status-publish","format-standard","hentry","category-general"],"_links":{"self":[{"href":"https:\/\/plazajuarez.mx\/historico\/wp-json\/wp\/v2\/posts\/77894","targetHints":{"allow":["GET"]}}],"collection":[{"href":"https:\/\/plazajuarez.mx\/historico\/wp-json\/wp\/v2\/posts"}],"about":[{"href":"https:\/\/plazajuarez.mx\/historico\/wp-json\/wp\/v2\/types\/post"}],"author":[{"embeddable":true,"href":"https:\/\/plazajuarez.mx\/historico\/wp-json\/wp\/v2\/users\/3"}],"replies":[{"embeddable":true,"href":"https:\/\/plazajuarez.mx\/historico\/wp-json\/wp\/v2\/comments?post=77894"}],"version-history":[{"count":0,"href":"https:\/\/plazajuarez.mx\/historico\/wp-json\/wp\/v2\/posts\/77894\/revisions"}],"wp:attachment":[{"href":"https:\/\/plazajuarez.mx\/historico\/wp-json\/wp\/v2\/media?parent=77894"}],"wp:term":[{"taxonomy":"category","embeddable":true,"href":"https:\/\/plazajuarez.mx\/historico\/wp-json\/wp\/v2\/categories?post=77894"},{"taxonomy":"post_tag","embeddable":true,"href":"https:\/\/plazajuarez.mx\/historico\/wp-json\/wp\/v2\/tags?post=77894"}],"curies":[{"name":"wp","href":"https:\/\/api.w.org\/{rel}","templated":true}]}}