{"id":77891,"date":"2019-01-26T14:13:30","date_gmt":"2019-01-26T14:13:30","guid":{"rendered":"http:\/\/plazajuarez.mx\/index\/index.php\/2019\/01\/26\/callejon-de-sombrereros-2\/"},"modified":"2019-01-26T14:13:30","modified_gmt":"2019-01-26T14:13:30","slug":"callejon-de-sombrereros-2","status":"publish","type":"post","link":"https:\/\/plazajuarez.mx\/historico\/callejon-de-sombrereros-2\/","title":{"rendered":"Callej\u00f3n de Sombrereros \u00a0"},"content":{"rendered":"<h1>\u00a0<\/h1>\n<p>\u00a0<\/p>\n<p>\u00a0<\/p>\n<p>Tambi\u00e9n la guerra puede importar una paradoja. Carl von Clausewitz, que fue jefe de secci\u00f3n del Ministerio de la Guerra de Prusia y hab\u00eda sido prisionero de los franceses en Prenzlau, decidi\u00f3 incorporarse al ej\u00e9rcito zarista para combatir a las tropas prusianas. No se trataba de un traidor, sino de un patriota sin sentimentalismos que comprendi\u00f3 que s\u00f3lo Rusia pod\u00eda enfrentarse a las tropas napole\u00f3nicas que invad\u00edan Europa y, por lo tanto, Prusia. Resignadamente Federico Guillermo III se hab\u00eda convertido en aliado de Napole\u00f3n Bonaparte.<\/p>\n<p>  <!--more-->  <\/p>\n<p>Von Clausewitz sospechaba que una teor\u00eda de la guerra pod\u00eda descubrir su naturaleza. En su examen advirti\u00f3 que se trataba de &#8220;una forma de las relaciones humanas&#8221;, que &#8220;la guerra no es el dominio ni de las artes ni de las ciencias, sino que es un elemento de la trama social. Constituye un conflicto de grandes intereses solucionado de manera sangrienta, lo que la diferencia de todos los dem\u00e1s conflictos. Antes de comparar a la guerra con un arte cualquiera, cabr\u00eda hacerlo con el comercio, que tambi\u00e9n es un conflicto de actitudes e intereses humanos, e incluso se asemeja mucho m\u00e1s a la pol\u00edtica, que a su vez puede considerarse, por lo menos parcialmente, como una especie de comercio a gran escala. Adem\u00e1s, la pol\u00edtica es la matriz en la que se desarrolla la guerra; sus lineamientos, a\u00fan rudimentarios, se esconden como los seres vivos en sus embriones&#8221;.<\/p>\n<p>Pierre Naville ha escrito que Lenin parec\u00eda considerar a Von Clausewitz como un &#8220;general hegeliano&#8221; al afirmar que &#8220;aplicada a la guerra, la regla principal de la dial\u00e9ctica&#8230; nos ense\u00f1a que: la guerra no es m\u00e1s que la continuaci\u00f3n de la pol\u00edtica por otros medios&#8221;. Sin embargo, Naville recuerda que &#8220;el m\u00e9todo dial\u00e9ctico de Clausewitz es original, puesto que al parecer no lleg\u00f3 a estudiar a Hegel, incluso quiz\u00e1 ni siquiera lo conoci\u00f3. Cuando Hegel lleg\u00f3 a Berl\u00edn en 1818, las ideas de Clausewitz ya ten\u00edan forma. Por el contrario, Clausewitz s\u00ed conoci\u00f3 a Kant y a Fichte; despu\u00e9s de 1806, estudi\u00f3 en Berl\u00edn bajo la direcci\u00f3n del kantiano Kiesewetter. La voluntad fichteana del Yo dej\u00f3 profunda huella en \u00e9l, y parece ser que Kant hizo que se interesara por la dial\u00e9ctica. Sin embargo, lo que m\u00e1s influy\u00f3 en Clausewitz fue el pensamiento dial\u00e9ctico de Maquiavelo, junto con las lecturas de Montesquieu&#8221;.<\/p>\n<p>Naville sostiene asimismo que Clausewitz ha influ\u00eddo tambi\u00e9n al movimiento socialista, pues &#8220;la guerra no afecta s\u00f3lo a las &#8216;potencias&#8217; (los Estados) en cuanto que tal, sino que afecta incluso a las diversas clases sociales que chocan en el seno del Estado y que, adem\u00e1s, tienen un car\u00e1cter eminentemente internacional; en consecuencia, habr\u00e1 manifestaciones de violencia, guerras que encubrir\u00e1n pol\u00edticas de clase, aunque a veces se presenten combinadas con la pol\u00edtica general del Estado. La teor\u00eda del conflicto, elaborada a prop\u00f3sito de las guerras puramente nacionales, encuentra as\u00ed su desarrollo en una teor\u00eda de las guerras de clases, o, mejor a\u00fan, de las luchas entre las clases&#8221;.<\/p>\n<p>Entre las paradojas que propicia la guerra, no parece la menos inquietante aquella que todav\u00eda se conoce como &#8220;guerra civil&#8221;.<\/p>\n<p>Cualquier lector, cualquier curioso sabe que en la antigua Grecia las guerras civiles no se consideraban ins\u00f3litas y que Plat\u00f3n se detuvo en ellas y cre\u00eda que &#8220;nuestra guerra familiar fue conducida de tal modo que, si el destino condenara a la humanidad al conflicto, nadie desear\u00eda que la propia ciudad sufriera igualmente esta enfermedad&#8221;.<\/p>\n<p>En Stasis. La guerra civil como paradigma pol\u00edtico, Giorgio Agamben refiere que &#8220;en el sistema de la pol\u00edtica griega, la guerra civil funciona como un umbral de politizaci\u00f3n o de despolitizaci\u00f3n, a trav\u00e9s de la cual se excede en ciudad, y la ciudad se despolitiza en familia&#8221;.<\/p>\n<p>Hacia 1963, Hannah Arendt escribi\u00f3 en &#8216;Sobre la revoluci\u00f3n&#8217; que &#8220;las revoluciones modernas tienen bien poco en com\u00fan con la mutatio rerum (revoluci\u00f3n) de la historia romana o con la st\u00e1sis, la discordia civil que perturb\u00f3 a la p\u00f3lis griega. No podemos identificarlas con las metabola\u00ed (transformaciones) de Plat\u00f3n, la casi natural transformaci\u00f3n de una forma de gobierno en otra, ni con la polite\u00edon anakyklosis (revoluci\u00f3n pol\u00edtica) de Polibio, el predeterminado recurso c\u00edclico al cual son sujetos los asuntos humanos, debido a que estos siempre son llevados a los extremos. La Antig\u00fcedad cl\u00e1sica estaba muy familiarizada con el cambio pol\u00edtico y la violencia que lo acompa\u00f1aba, pero nunca ninguno de estos le trajo aparejado algo completamente nuevo&#8221;.<\/p>\n","protected":false},"excerpt":{"rendered":"<p>\u00a0 \u00a0 \u00a0 Tambi\u00e9n la guerra puede importar una paradoja. Carl von Clausewitz, que fue jefe de secci\u00f3n del Ministerio de la Guerra de Prusia y hab\u00eda sido prisionero de los franceses en Prenzlau, decidi\u00f3 incorporarse al ej\u00e9rcito zarista para combatir a las tropas prusianas. No se trataba de un traidor, sino de un patriota [&hellip;]<\/p>\n","protected":false},"author":3,"featured_media":0,"comment_status":"open","ping_status":"open","sticky":false,"template":"","format":"standard","meta":{"footnotes":""},"categories":[42],"tags":[],"class_list":["post-77891","post","type-post","status-publish","format-standard","hentry","category-nuestrapalabra"],"_links":{"self":[{"href":"https:\/\/plazajuarez.mx\/historico\/wp-json\/wp\/v2\/posts\/77891","targetHints":{"allow":["GET"]}}],"collection":[{"href":"https:\/\/plazajuarez.mx\/historico\/wp-json\/wp\/v2\/posts"}],"about":[{"href":"https:\/\/plazajuarez.mx\/historico\/wp-json\/wp\/v2\/types\/post"}],"author":[{"embeddable":true,"href":"https:\/\/plazajuarez.mx\/historico\/wp-json\/wp\/v2\/users\/3"}],"replies":[{"embeddable":true,"href":"https:\/\/plazajuarez.mx\/historico\/wp-json\/wp\/v2\/comments?post=77891"}],"version-history":[{"count":0,"href":"https:\/\/plazajuarez.mx\/historico\/wp-json\/wp\/v2\/posts\/77891\/revisions"}],"wp:attachment":[{"href":"https:\/\/plazajuarez.mx\/historico\/wp-json\/wp\/v2\/media?parent=77891"}],"wp:term":[{"taxonomy":"category","embeddable":true,"href":"https:\/\/plazajuarez.mx\/historico\/wp-json\/wp\/v2\/categories?post=77891"},{"taxonomy":"post_tag","embeddable":true,"href":"https:\/\/plazajuarez.mx\/historico\/wp-json\/wp\/v2\/tags?post=77891"}],"curies":[{"name":"wp","href":"https:\/\/api.w.org\/{rel}","templated":true}]}}