{"id":77890,"date":"2019-01-26T02:13:48","date_gmt":"2019-01-26T02:13:48","guid":{"rendered":"http:\/\/plazajuarez.mx\/index\/index.php\/2019\/01\/26\/continuan-graves-siete-heridos-de-tlahuelilpan\/"},"modified":"2019-01-26T02:13:48","modified_gmt":"2019-01-26T02:13:48","slug":"continuan-graves-siete-heridos-de-tlahuelilpan","status":"publish","type":"post","link":"https:\/\/plazajuarez.mx\/historico\/continuan-graves-siete-heridos-de-tlahuelilpan\/","title":{"rendered":"Contin\u00faan &#8220;graves&#8221; siete heridos de Tlahuelilpan"},"content":{"rendered":"<p style=\"text-align: justify;\"><span style=\"font-weight: 400;\">A los pacientes les espera una estancia de 4 a 6 meses, si todo va bien.<\/span><\/p>\n<p>  <!--more-->  <\/p>\n<p style=\"text-align: justify;\"><span style=\"font-weight: 400;\">\u201cLos siete heridos por la explosi\u00f3n en Tlahuelilpan, Hidalgo, internados en el hospital Magdalena de las Salinas, contin\u00faan graves&#8221;, inform\u00f3 Fryda Medina, directora de esa unidad m\u00e9dica.<\/span><\/p>\n<p style=\"text-align: justify;\"><span style=\"font-weight: 400;\">En entrevista, la directora del nosocomio del Instituto Mexicano del Seguro Social (IMSS) detall\u00f3 que las personas lesionadas tienen quemaduras superiores en el 80% del cuerpo, por lo que su estado de salud es grave, aunque se ha logrado estabilizarlos.<\/span><\/p>\n<p style=\"text-align: justify;\"><span style=\"font-weight: 400;\">&#8220;Los pacientes van mejorando, pero no quiere decir que ya cantamos victoria, esto no se acaba hasta que se acaba, est\u00e1n estables, pero decir que ya la libramos eso ser\u00eda imposible. El pron\u00f3stico sigue siendo muy grave, nosotros vamos acompa\u00f1\u00e1ndolos, es un equipo multidisciplinario, cirujanos pl\u00e1sticos, diferentes m\u00e9dicos, que nos van ayudando a atender los \u00f3rganos lesionados&#8221;, dijo.<\/span><\/p>\n<p style=\"text-align: justify;\"><span style=\"font-weight: 400;\">Explic\u00f3 que las dos personas que fallecieron por la noche del jueves y la madrugada de este viernes ten\u00edan quemaduras del 92% y del 87%, respectivamente, por lo que no se logr\u00f3 rescatar a los \u00f3rganos principales como son coraz\u00f3n, pulmones y ri\u00f1ones, de las toxinas originadas por las quemaduras, lo que origin\u00f3 una falla org\u00e1nica m\u00faltiple.<\/span><\/p>\n<p style=\"text-align: justify;\"><span style=\"font-weight: 400;\">&#8220;Uno de ellos ten\u00eda quemaduras del 92%, amerit\u00f3 una amputaci\u00f3n, aun as\u00ed no se logr\u00f3 evitar el da\u00f1o que estas toxinas que absorbe el cuerpo y son las que van da\u00f1ando los \u00f3rganos blandos, lo que deriva en falla org\u00e1nica m\u00faltiple&#8221;, indic\u00f3.<\/span><\/p>\n<p style=\"text-align: justify;\"><span style=\"font-weight: 400;\">Fryda Medina enfatiz\u00f3 que los heridos que permanecen hospitalizados continuar\u00e1n recibiendo la mejor atenci\u00f3n para salvar sus vidas &#8220;sin escatimar recursos&#8221;; advirti\u00f3 que la estancia de los pacientes ser\u00e1 larga, la cual podr\u00eda prolongarse hasta por seis meses.<\/span><\/p>\n<p style=\"text-align: justify;\"><span style=\"font-weight: 400;\">&#8220;Es muy larga la estancia hospitalaria, hay que estar luchando primero a que sobrevivan, segundo a que los \u00f3rganos funcionen, tenemos quemaduras de m\u00e1s del 80%, la supervivencia depende del estado que ten\u00edan los pacientes incluso antes del accidente; les espera una muy larga y penosa estancia hospitalaria de 4 a 6 meses&#8221;, subray\u00f3.<\/span><\/p>\n","protected":false},"excerpt":{"rendered":"<p>A los pacientes les espera una estancia de 4 a 6 meses, si todo va bien.<\/p>\n","protected":false},"author":1,"featured_media":0,"comment_status":"open","ping_status":"open","sticky":false,"template":"","format":"standard","meta":{"footnotes":""},"categories":[37],"tags":[],"class_list":["post-77890","post","type-post","status-publish","format-standard","hentry","category-barandilla"],"_links":{"self":[{"href":"https:\/\/plazajuarez.mx\/historico\/wp-json\/wp\/v2\/posts\/77890","targetHints":{"allow":["GET"]}}],"collection":[{"href":"https:\/\/plazajuarez.mx\/historico\/wp-json\/wp\/v2\/posts"}],"about":[{"href":"https:\/\/plazajuarez.mx\/historico\/wp-json\/wp\/v2\/types\/post"}],"author":[{"embeddable":true,"href":"https:\/\/plazajuarez.mx\/historico\/wp-json\/wp\/v2\/users\/1"}],"replies":[{"embeddable":true,"href":"https:\/\/plazajuarez.mx\/historico\/wp-json\/wp\/v2\/comments?post=77890"}],"version-history":[{"count":0,"href":"https:\/\/plazajuarez.mx\/historico\/wp-json\/wp\/v2\/posts\/77890\/revisions"}],"wp:attachment":[{"href":"https:\/\/plazajuarez.mx\/historico\/wp-json\/wp\/v2\/media?parent=77890"}],"wp:term":[{"taxonomy":"category","embeddable":true,"href":"https:\/\/plazajuarez.mx\/historico\/wp-json\/wp\/v2\/categories?post=77890"},{"taxonomy":"post_tag","embeddable":true,"href":"https:\/\/plazajuarez.mx\/historico\/wp-json\/wp\/v2\/tags?post=77890"}],"curies":[{"name":"wp","href":"https:\/\/api.w.org\/{rel}","templated":true}]}}