{"id":77887,"date":"2019-01-25T23:47:48","date_gmt":"2019-01-25T23:47:48","guid":{"rendered":"http:\/\/plazajuarez.mx\/index\/index.php\/2019\/01\/25\/rechazan-pobladores-tren-maya-en-chiapas\/"},"modified":"2019-01-25T23:47:48","modified_gmt":"2019-01-25T23:47:48","slug":"rechazan-pobladores-tren-maya-en-chiapas","status":"publish","type":"post","link":"https:\/\/plazajuarez.mx\/historico\/rechazan-pobladores-tren-maya-en-chiapas\/","title":{"rendered":"Rechazan pobladores Tren Maya en Chiapas"},"content":{"rendered":"<p style=\"text-align: justify;\">Tambi\u00e9n se oponen a la creaci\u00f3n de la Guardia Nacional.<\/p>\n<p>  <!--more-->  <\/p>\n<p style=\"text-align: justify;\">Al cumplirse el octavo aniversario del fallecimiento del obispo de San Crist\u00f3bal de las Casas, Samuel Ruiz Garc\u00eda, miles de fieles cat\u00f3licos participaron en una peregrinaci\u00f3n para manifestarse en contra de la falta de empleo, inseguridad y presencia del crimen organizado en sus comunidades, y se pronunciaron en contra del Tren Maya y el programa Sembrando Vida y la Guardia Nacional.<\/p>\n<p style=\"text-align: justify;\">Los cat\u00f3licos de las regiones Altos, Fronteriza, Selva y Norte, donde tiene presencia la Di\u00f3cesis de San Crist\u00f3bal de las Casas, se concentraron en la salida hacia Comit\u00e1n, desde donde caminaron a la Catedral.<\/p>\n<p style=\"text-align: justify;\">Con pancartas y flores, los cat\u00f3licos de las etnias chol, tzotzil, tojolabal, tzeltal y otras, se manifestaron su molestia en contra de las empresas transnacionales y caciques que &#8220;provocan contaminaci\u00f3n y destrucci\u00f3n de los recursos naturales&#8221; de las comunidades.<\/p>\n<p style=\"text-align: justify;\">Se manifestaron en contra de la presencia de la Marina, Ej\u00e9rcito y grupos civiles armados en las regiones donde habitan.<\/p>\n<p style=\"text-align: justify;\">&#8220;Frente a esto exigimos: No a la militarizaci\u00f3n y paramilitarizaci\u00f3n en las comunidades. Alto a las amenazas y persecuciones contra quienes luchan por el bien del pueblo. Nos pronunciamos en contra de la legalizaci\u00f3n de las drogas, la venta indiscriminada de alcohol y la proliferaci\u00f3n de la prostituci\u00f3n&#8221;, dijeron los fieles cat\u00f3licos en el escrito &#8220;Palabra del pueblo creyente&#8221;, en el octavo aniversario de la Pascua de Jtatic Samuel.<\/p>\n<p style=\"text-align: justify;\">Frente a la Catedral, los fieles cat\u00f3licos participaron en una ceremonia religiosa, donde quemaron incienso y participaron en la eucarist\u00eda, con la presencia de di\u00e1conos ind\u00edgenas.<\/p>\n<p style=\"text-align: justify;\">Al dar lectura al documento, los creyentes dijeron que &#8220;en las comunidades hay mucha inseguridad: asaltos, robos, secuestros, asesinatos de personas, vuelos nocturnos de helic\u00f3pteros y avionetas, los enfrentamientos del crimen organizado que atentan contra la vida del pueblo; la violencia que se vive en las comunidades y pueblos&#8221;.<\/p>\n<p style=\"text-align: justify;\">Pidieron soluci\u00f3n a los conflictos por l\u00edmites territoriales en entre los municipios de Chenalh\u00f3 y Chalchihuit\u00e1n, Santa Martha y Aldama; y Chavajebal (municipio de El Bosque) y Amat\u00e1n.<\/p>\n<p style=\"text-align: justify;\">Tambi\u00e9n exigieron que se combata a los &#8220;grupos de poder&#8221; que tienen presencia en varios municipios de Chiapas, porque &#8220;son parte de la delincuencia organizada&#8221;.<\/p>\n<p style=\"text-align: justify;\">Se opusieron a los proyectos como represas hidroel\u00e9ctricas, la autopista San Crist\u00f3bal-Palenque, la construcci\u00f3n del Tren Maya y proyectos mineros en las comunidades, porque \u00fanicamente generan conflictos y despojo.<\/p>\n<p style=\"text-align: justify;\">Rechazaron el programa del Gobierno Federal \u201cSembrando Vida\u201d porque, dijeron, &#8220;es un proyecto que enga\u00f1a a la gente&#8221;.<\/p>\n<p style=\"text-align: justify;\">Tambi\u00e9n se oponen a la creaci\u00f3n de la Guardia Nacional.<\/p>\n","protected":false},"excerpt":{"rendered":"<p>Tambi\u00e9n se oponen a la creaci\u00f3n de la Guardia Nacional.<\/p>\n","protected":false},"author":1,"featured_media":0,"comment_status":"open","ping_status":"open","sticky":false,"template":"","format":"standard","meta":{"footnotes":""},"categories":[36],"tags":[],"class_list":["post-77887","post","type-post","status-publish","format-standard","hentry","category-nacion"],"_links":{"self":[{"href":"https:\/\/plazajuarez.mx\/historico\/wp-json\/wp\/v2\/posts\/77887","targetHints":{"allow":["GET"]}}],"collection":[{"href":"https:\/\/plazajuarez.mx\/historico\/wp-json\/wp\/v2\/posts"}],"about":[{"href":"https:\/\/plazajuarez.mx\/historico\/wp-json\/wp\/v2\/types\/post"}],"author":[{"embeddable":true,"href":"https:\/\/plazajuarez.mx\/historico\/wp-json\/wp\/v2\/users\/1"}],"replies":[{"embeddable":true,"href":"https:\/\/plazajuarez.mx\/historico\/wp-json\/wp\/v2\/comments?post=77887"}],"version-history":[{"count":0,"href":"https:\/\/plazajuarez.mx\/historico\/wp-json\/wp\/v2\/posts\/77887\/revisions"}],"wp:attachment":[{"href":"https:\/\/plazajuarez.mx\/historico\/wp-json\/wp\/v2\/media?parent=77887"}],"wp:term":[{"taxonomy":"category","embeddable":true,"href":"https:\/\/plazajuarez.mx\/historico\/wp-json\/wp\/v2\/categories?post=77887"},{"taxonomy":"post_tag","embeddable":true,"href":"https:\/\/plazajuarez.mx\/historico\/wp-json\/wp\/v2\/tags?post=77887"}],"curies":[{"name":"wp","href":"https:\/\/api.w.org\/{rel}","templated":true}]}}