{"id":77884,"date":"2019-01-25T21:12:32","date_gmt":"2019-01-25T21:12:32","guid":{"rendered":"http:\/\/plazajuarez.mx\/index\/index.php\/2019\/01\/25\/hombre-toma-como-rehenes-a-ninos-y-maestras-de-un-colegio-en-nayarit\/"},"modified":"2019-01-25T21:12:32","modified_gmt":"2019-01-25T21:12:32","slug":"hombre-toma-como-rehenes-a-ninos-y-maestras-de-un-colegio-en-nayarit","status":"publish","type":"post","link":"https:\/\/plazajuarez.mx\/historico\/hombre-toma-como-rehenes-a-ninos-y-maestras-de-un-colegio-en-nayarit\/","title":{"rendered":"Hombre toma como rehenes a ni\u00f1os y maestras de un colegio en Nayarit"},"content":{"rendered":"<p>De acuerdo con las primeras investigaciones, el individuo se encontraba bajo los efectos de alguna droga cuando logr\u00f3 ingresar al plantel. <!--more--> <\/p>\n<p><p>   Un sujeto, identificado como Arnoldo, de 45 a\u00f1os de edad, tom\u00f3 como rehenes a m\u00e1s de 40 ni\u00f1os en el colegio \u201cHispanoamericano\u201d, ubicado en Bah\u00eda de Banderas, Nayarit.<\/p>\n<p>   De acuerdo con las primeras investigaciones, el individuo se encontraba bajo los efectos de alguna droga cuando logr\u00f3 ingresar al plantel escalando una de las bardas perimetrales.<\/p>\n<p>   Trascendi\u00f3 que el hombre logr\u00f3 ingresar al \u00e0rea de comedor, en donde tom\u00f3 un par de cuchillos para luego trasladarse al patio central en donde los menores estaban en el recreo. <\/p>\n<p>   Fue en ese momento cuando tom\u00f3 a una maestra y a un ni\u00f1o, uno en cada brazo. Luego amenaz\u00f3 con asesinarlos. <\/p>\n<p>   Tras el alarmante episodio, personal de la instituci\u00f3n dio aviso a las autoridades, quienes minutos despu\u00e9s arribaron al lugar para atender el reporte. <\/p>\n<p>   Un agente de la Fiscal\u00eda se hizo pasar por un doctor, en un primer intento le pidi\u00f3 que le entregara al ni\u00f1o con el argumento de que se estaba deshidratando.<\/p>\n<p>   El secuestrador dijo que s\u00ed y pidi\u00f3 un micr\u00f3fono.<\/p>\n<p>   Una maestra se acerc\u00f3 para entreg\u00e1rselo, pero el hombre tambi\u00e9n la convirti\u00f3 en su reh\u00e9n, por lo que ya ten\u00eda dos maestras en su poder.<\/p>\n<p>   Luego de tres horas, el secuestrador quien dec\u00eda ser \u201cel diablo\u201d, pretend\u00eda liberar a los menores, a cambio de 200 litros de combustible y cantidades de drogas como crystal y coca\u00edna.<\/p>\n<p>   Un de los agentes le ofreci\u00f3 cervezas, cosa que acept\u00f3, y cuando le dio el envase logr\u00f3 someterlo junto con personal de la Marina.<\/p>\n<p>   Todos los estudiantes y las profesoras quedaron a salvo.<\/p>\n<p>   El detenido originario de Tomatl\u00e1n, Jalisco, fue trasladado a la c\u00e1rcel municipal, para posteriormente ser presentado ante un juez de control.<\/p>\n<p>\n","protected":false},"excerpt":{"rendered":"<p>De acuerdo con las primeras investigaciones, el individuo se encontraba bajo los efectos de alguna droga cuando logr\u00f3 ingresar al plantel.<\/p>\n","protected":false},"author":6,"featured_media":0,"comment_status":"open","ping_status":"open","sticky":false,"template":"","format":"standard","meta":{"footnotes":""},"categories":[59],"tags":[],"class_list":["post-77884","post","type-post","status-publish","format-standard","hentry","category-general"],"_links":{"self":[{"href":"https:\/\/plazajuarez.mx\/historico\/wp-json\/wp\/v2\/posts\/77884","targetHints":{"allow":["GET"]}}],"collection":[{"href":"https:\/\/plazajuarez.mx\/historico\/wp-json\/wp\/v2\/posts"}],"about":[{"href":"https:\/\/plazajuarez.mx\/historico\/wp-json\/wp\/v2\/types\/post"}],"author":[{"embeddable":true,"href":"https:\/\/plazajuarez.mx\/historico\/wp-json\/wp\/v2\/users\/6"}],"replies":[{"embeddable":true,"href":"https:\/\/plazajuarez.mx\/historico\/wp-json\/wp\/v2\/comments?post=77884"}],"version-history":[{"count":0,"href":"https:\/\/plazajuarez.mx\/historico\/wp-json\/wp\/v2\/posts\/77884\/revisions"}],"wp:attachment":[{"href":"https:\/\/plazajuarez.mx\/historico\/wp-json\/wp\/v2\/media?parent=77884"}],"wp:term":[{"taxonomy":"category","embeddable":true,"href":"https:\/\/plazajuarez.mx\/historico\/wp-json\/wp\/v2\/categories?post=77884"},{"taxonomy":"post_tag","embeddable":true,"href":"https:\/\/plazajuarez.mx\/historico\/wp-json\/wp\/v2\/tags?post=77884"}],"curies":[{"name":"wp","href":"https:\/\/api.w.org\/{rel}","templated":true}]}}