{"id":77883,"date":"2019-01-25T21:02:09","date_gmt":"2019-01-25T21:02:09","guid":{"rendered":"http:\/\/plazajuarez.mx\/index\/index.php\/2019\/01\/25\/pobladores-reclaman-su-huachicol-durante-operativo-en-otumba\/"},"modified":"2019-01-25T21:02:09","modified_gmt":"2019-01-25T21:02:09","slug":"pobladores-reclaman-su-huachicol-durante-operativo-en-otumba","status":"publish","type":"post","link":"https:\/\/plazajuarez.mx\/historico\/pobladores-reclaman-su-huachicol-durante-operativo-en-otumba\/","title":{"rendered":"Pobladores reclaman su huachicol durante operativo en Otumba"},"content":{"rendered":"<p>El comisionado de la Polic\u00eda Federal confirm\u00f3 que no hubo heridos, pues fue un enfrentamiento verbal. <!--more--> <\/p>\n<p><p>  El comisionado de la Polic\u00eda Federal, Arturo Jim\u00e9nez, confirm\u00f3 que en la comunidad de Cuautlancingo, municipio de Otumba, desplegaron hasta 200 elementos de la corporaci\u00f3n para restablecer el orden, luego de que soldados encontraron una toma clandestina de combustible y se confrontaron verbalmente con presuntos huachicoleros.<\/p>\n<p>  Explic\u00f3 que una secci\u00f3n del Ej\u00e9rcito detect\u00f3 una toma clandestina activa, &#8220;quiere decir que estaba h\u00fameda y de la que evidentemente estaban extrayendo combustible&#8221;.<\/p>\n<p>  Sin embargo, cuando los soldados trataron de asegurar el \u00e1rea y establecer el orden, lleg\u00f3 un &#8220;grupo muy numeroso de personas&#8221; en veh\u00edculos trataron de &#8220;establecer un acto de rebeld\u00eda, como si quisieran manifestarse como due\u00f1os de explotar el robo del combustible&#8221;.<\/p>\n<p>  Ante la tensi\u00f3n con los pobladores, los militares solicitaron refuerzos, por lo que a la zona arribaron unos 200 elementos de la Polic\u00eda Federal, as\u00ed como dos helic\u00f3pteros de la corporaci\u00f3n tipo Black Hawk, que realizaron labores de vigilancia a\u00e9rea en el per\u00edmetro. Adem\u00e1s se moviliz\u00f3 a personal de seguridad f\u00edsica de Pemex para la reparaci\u00f3n de los ductos.<\/p>\n<p>  El comisionado de la Polic\u00eda Federal confirm\u00f3 que no hubo heridos, pues fue un enfrentamiento verbal, &#8220;es una manifestaci\u00f3n de rebeld\u00eda y resistencia a obedecer las indicaciones de la autoridad, no pas\u00f3 a mayores pero nos preocupa que un grupo no identificado se manifieste y quiera adue\u00f1arse de una toma clandestina.<\/p>\n<p>  &#8220;Queremos que la poblaci\u00f3n de Otumba duerma segura y que sepan que la Polic\u00eda Federal y el gobierno est\u00e1n pendiente de su seguridad&#8221;, indic\u00f3.<\/p>\n<p>  Acudieron al lugar 24 elementos de la Marina Armada, para brindar seguridad perimetral; y 220 de la Polic\u00eda Federal, quienes apoyaron a los 80 elementos del Ej\u00e9rcito que atendieron el reporte de la toma clandestina en la comunidad.<\/p>\n<p>\n","protected":false},"excerpt":{"rendered":"<p>El comisionado de la Polic\u00eda Federal confirm\u00f3 que no hubo heridos, pues fue un enfrentamiento verbal.<\/p>\n","protected":false},"author":6,"featured_media":0,"comment_status":"open","ping_status":"open","sticky":false,"template":"","format":"standard","meta":{"footnotes":""},"categories":[36],"tags":[],"class_list":["post-77883","post","type-post","status-publish","format-standard","hentry","category-nacion"],"_links":{"self":[{"href":"https:\/\/plazajuarez.mx\/historico\/wp-json\/wp\/v2\/posts\/77883","targetHints":{"allow":["GET"]}}],"collection":[{"href":"https:\/\/plazajuarez.mx\/historico\/wp-json\/wp\/v2\/posts"}],"about":[{"href":"https:\/\/plazajuarez.mx\/historico\/wp-json\/wp\/v2\/types\/post"}],"author":[{"embeddable":true,"href":"https:\/\/plazajuarez.mx\/historico\/wp-json\/wp\/v2\/users\/6"}],"replies":[{"embeddable":true,"href":"https:\/\/plazajuarez.mx\/historico\/wp-json\/wp\/v2\/comments?post=77883"}],"version-history":[{"count":0,"href":"https:\/\/plazajuarez.mx\/historico\/wp-json\/wp\/v2\/posts\/77883\/revisions"}],"wp:attachment":[{"href":"https:\/\/plazajuarez.mx\/historico\/wp-json\/wp\/v2\/media?parent=77883"}],"wp:term":[{"taxonomy":"category","embeddable":true,"href":"https:\/\/plazajuarez.mx\/historico\/wp-json\/wp\/v2\/categories?post=77883"},{"taxonomy":"post_tag","embeddable":true,"href":"https:\/\/plazajuarez.mx\/historico\/wp-json\/wp\/v2\/tags?post=77883"}],"curies":[{"name":"wp","href":"https:\/\/api.w.org\/{rel}","templated":true}]}}