{"id":77881,"date":"2019-01-25T18:08:06","date_gmt":"2019-01-25T18:08:06","guid":{"rendered":"http:\/\/plazajuarez.mx\/index\/index.php\/2019\/01\/25\/a-una-semana-de-la-explosion-en-tlahuelilpan\/"},"modified":"2019-01-25T18:08:06","modified_gmt":"2019-01-25T18:08:06","slug":"a-una-semana-de-la-explosion-en-tlahuelilpan","status":"publish","type":"post","link":"https:\/\/plazajuarez.mx\/historico\/a-una-semana-de-la-explosion-en-tlahuelilpan\/","title":{"rendered":"A una semana de la explosi\u00f3n en Tlahuelilpan"},"content":{"rendered":"<p>A una semana de ese hecho, 109 personas han fallecido.  <!--more--> <\/p>\n<p><p>  Hace una semana, un ducto &#8220;pinchado&#8221; en Tlahuelilpan, estall\u00f3 cuando decenas de personas recolectaban la gasolina que emanaba en el lugar. A una semana de ese hecho, 109 personas han fallecido, seg\u00fan se\u00f1al\u00f3 la Secretar\u00eda de Salud esta ma\u00f1ana.<\/p>\n<p>  Al respecto, en redes sociales hay numerosos comentarios sobre si las v\u00edctimas deben recibir una compensaci\u00f3n econ\u00f3mica tras la explosi\u00f3n de un ducto &#8220;pinchado&#8221;, pero ninguna autoridad ha dicho que se vaya a indemnizar.<\/p>\n<p>  El gobernador de Hidalgo, Omar Fayad, dijo que la tragedia fue producto de una combinaci\u00f3n de &#8220;ambici\u00f3n, ignorancia y tambi\u00e9n de necesidad&#8221;, sin embargo, el 20 de enero el mandatario hidalguense aclar\u00f3 que: &#8220;A mi ninguna familia me ha pedido dinero como pago de indemnizaci\u00f3n. Contar\u00e1n con todo el apoyo de mi gobierno; servicios m\u00e9dicos, gastos funerarios, traslados y todo lo necesario&#8221; (sic).<\/p>\n<p>  Por su parte, el gobierno federal de Andr\u00e9s Manuel L\u00f3pez Obrador tampoco ha hablado sobre indemnizaciones a las v\u00edctimas o a sus familias. Pero se ha destacado que se les ofrece informaci\u00f3n, atenci\u00f3n m\u00e9dica y otros servicios.<\/p>\n<p>  De igual manera, el Presidente ha pedido a la poblaci\u00f3n a que no criminalicen a las personas que por necesidad se han dedicado a la orde\u00f1a de los ductos de tomas clandestinas, pero no ha mencionado que se vaya a indemnizar a alguien.<\/p>\n<p>  &#8220;Los entendemos, no los vamos a condenar, porque hay mucha gente que est\u00e1 planteado que se les juzgue y hasta justifican la tragedia, no, ning\u00fan ser humano merece un castigo as\u00ed&#8221;, asegur\u00f3.<\/p>\n<p>  <b>PROGRAMAS SOCIALES CONTRA EL HUACHICOL<\/b><\/p>\n<p>  El 22 de enero, L\u00f3pez Obrador anunci\u00f3 el Plan de Bienestar, enfocado para los 91 municipios del pa\u00eds donde se registra una gran cantidad de robo de combustible, el cual tendr\u00e1 una inversi\u00f3n de 3 mil 857 millones de pesos.<\/p>\n<p>  Se\u00f1al\u00f3 que dichas medidas se implementaran a fin de que &#8220;no ocurran desgracias como la de Hidalgo&#8221;, sin embargo ese plan no est\u00e1 enfocado \u00fanicamente a las v\u00edctimas o a sus familiares tras la explosi\u00f3n en Tlahuelilpan, sino a la poblaci\u00f3n de estos 91 municipios.<\/p>\n<p>\n","protected":false},"excerpt":{"rendered":"<p>A una semana de ese hecho, 109 personas han fallecido.<\/p>\n","protected":false},"author":6,"featured_media":0,"comment_status":"open","ping_status":"open","sticky":false,"template":"","format":"standard","meta":{"footnotes":""},"categories":[59],"tags":[],"class_list":["post-77881","post","type-post","status-publish","format-standard","hentry","category-general"],"_links":{"self":[{"href":"https:\/\/plazajuarez.mx\/historico\/wp-json\/wp\/v2\/posts\/77881","targetHints":{"allow":["GET"]}}],"collection":[{"href":"https:\/\/plazajuarez.mx\/historico\/wp-json\/wp\/v2\/posts"}],"about":[{"href":"https:\/\/plazajuarez.mx\/historico\/wp-json\/wp\/v2\/types\/post"}],"author":[{"embeddable":true,"href":"https:\/\/plazajuarez.mx\/historico\/wp-json\/wp\/v2\/users\/6"}],"replies":[{"embeddable":true,"href":"https:\/\/plazajuarez.mx\/historico\/wp-json\/wp\/v2\/comments?post=77881"}],"version-history":[{"count":0,"href":"https:\/\/plazajuarez.mx\/historico\/wp-json\/wp\/v2\/posts\/77881\/revisions"}],"wp:attachment":[{"href":"https:\/\/plazajuarez.mx\/historico\/wp-json\/wp\/v2\/media?parent=77881"}],"wp:term":[{"taxonomy":"category","embeddable":true,"href":"https:\/\/plazajuarez.mx\/historico\/wp-json\/wp\/v2\/categories?post=77881"},{"taxonomy":"post_tag","embeddable":true,"href":"https:\/\/plazajuarez.mx\/historico\/wp-json\/wp\/v2\/tags?post=77881"}],"curies":[{"name":"wp","href":"https:\/\/api.w.org\/{rel}","templated":true}]}}