{"id":77874,"date":"2019-01-25T13:56:35","date_gmt":"2019-01-25T13:56:35","guid":{"rendered":"http:\/\/plazajuarez.mx\/index\/index.php\/2019\/01\/25\/retratos-hablados-734\/"},"modified":"2019-01-25T13:56:35","modified_gmt":"2019-01-25T13:56:35","slug":"retratos-hablados-734","status":"publish","type":"post","link":"https:\/\/plazajuarez.mx\/historico\/retratos-hablados-734\/","title":{"rendered":"RETRATOS HABLADOS"},"content":{"rendered":"<p>\u00a0\u00a0\u00a0 \u2022\u00a0\u00a0 \u00a0Y muriendo se resucita a la vida\u2026\u2028<\/p>\n<p>  <!--more-->  <\/p>\n<p>Nunca en la historia del Estado de Hidalgo, se hab\u00eda registrado una tragedia con tantas v\u00edctimas (ya sumaban 102 a las 19 horas de ayer), como lo sucedido en Tlahuelilpan. Nunca la atenci\u00f3n nacional y mundial se hab\u00eda volcado a detallar con tantas im\u00e1genes la muerte de personas que hasta sus \u00faltimos momentos permanecieron conscientes, porque de acuerdo a m\u00e9dicos consultados, un quemado nunca pierde la conciencia igual que el que fallece al desangrarse.<br \/>\u00a0\u00a0 \u00a0Saber lo que sucede, que la muerte est\u00e1 por llegar, es una de las angustias m\u00e1s terribles para cualquier ser humano, y precisamente la voz de quien gritaba, \u201c\u00a1ay\u00fadame, me muero!\u201d, hoy corresponde a uno de los que murieron posteriormente en un hospital.<br \/>\u00a0\u00a0 \u00a0Este mes, arranque del 2019, quedar\u00e1 marcado en la historia de la entidad hidalguense y del pa\u00eds. Quien a estas alturas busque sacar provecho pol\u00edtico del asunto sabe que est\u00e1 condenado al fracaso, como el funcionario de nivel medio del gobierno federal que en el evento que presidi\u00f3 el Presidente L\u00f3pez Obrador en Hidalgo este jueves, pretendi\u00f3 organizar a un grupito que llev\u00f3 ex profeso para intentar dejar mal parado al gobernador Fayad.<br \/>\u00a0\u00a0 \u00a0Absurdo cuando el Jefe de la Naci\u00f3n ha insistido que la mejor f\u00f3rmula para que M\u00e9xico salga de su situaci\u00f3n, es el trabajo conjunto con los gobiernos estatales, sean o no de su partido.<br \/>\u00a0\u00a0 \u00a0Algo debemos aprender de todo esto que sucedi\u00f3 en tan pocos d\u00edas, pero que se quedar\u00e1 en la memoria de los que estuvieron ah\u00ed por razones de trabajo, como los reporteros y fot\u00f3grafos, los que acompa\u00f1aban a sus parientes y esperaban su regreso en el campo de alfalfa, los que se enteraron al ver im\u00e1genes que nadie en su sano juicio debi\u00f3 haber difundido, donde los cuerpo son un surco de sangre y dolor.<br \/>\u00a0\u00a0 \u00a0Y lo que se aprende es la solidaridad, la capacidad que todos los seres humanos para ayudar al pr\u00f3jimo, de condolernos por su sufrimiento, por el llanto de sus hijos, esposa, padres.<br \/>\u00a0\u00a0 \u00a0En cualquier momento, a cualquier hora y d\u00eda, podemos partir de este mundo que conocemos a otro que intuimos existe. Pero hay de formas a formas para hacerlo, y lo sucedido con m\u00e1s de cien hidalguenses es terrible, porque algunos nunca se enteraron que hab\u00edan muerto.<br \/>\u00a0\u00a0 \u00a0El fuego es tan terrible que detiene el tiempo, lo para en seco y se quedan los ojos abiertos, el grito que no logra salir de la garganta. Se queda una estatua llena de llagas, testimonio del dolor m\u00e1s agudo, m\u00e1s insoportable, que por eso el cerebro ordena cesar toda actividad al cuerpo, es decir le ordena que muera porque es absurdo un sufrimiento sin sentido cuando la esperanza de vida es inexistente.<br \/>\u00a0\u00a0 \u00a0Para un quemado como los de Tlahuelilpan el mejor consuelo es dar el \u00faltimo aliento, porque no solo se quem\u00f3 la piel, sino los pulmones, la laringe, los ri\u00f1ones.<br \/>\u00a0\u00a0 \u00a0Eso ha sucedido en estos d\u00edas, en que varios se durmieron para siempre.<br \/>\u00a0\u00a0 \u00a0A nadie se le desea la muerte, pero para los que se negaban a morir el dolor era tal que imposibilitaba cualquier consuelo, cualquier esperanza. Y el adi\u00f3s tambi\u00e9n fue descanso para sus parientes.<br \/>\u00a0\u00a0 \u00a0Aprendimos sin embargo y pese a todo, que nos importa el pr\u00f3jimo, nos duele su dolor, nos alerta para evitar que un hijo, un hermano, un pariente, un conocido, vaya a pasar por ese viacrucis.<br \/>\u00a0\u00a0 \u00a0Para todos ellos que ya se fueron, para los que luchan por vivir, para sus parientes, sus amigos, el deseo sincero de que descansen, sepan que qui\u00e9n sabe por qu\u00e9 razones, les toc\u00f3 la de malas, o tal vez simplemente apuraron el paso para conocer otras realidades. <\/p>\n<p>Mil gracias, hasta el pr\u00f3ximo lunes.<\/p>\n<p>jeperalta@plazajuarez.mx\/historico\/historico<br \/>@JavierEPeralta<\/p>\n<p>CITA:<br \/>El fuego es tan terrible que detiene el tiempo, lo para en seco y se quedan los ojos abiertos, el grito que no logra salir de la garganta. Se queda una estatua llena de llagas, testimonio del dolor m\u00e1s agudo, m\u00e1s insoportable, que por eso el cerebro ordena cesar toda actividad al cuerpo, es decir le ordena que muera porque es absurdo un sufrimiento sin sentido cuando la esperanza de vida es inexistente.<\/p>\n","protected":false},"excerpt":{"rendered":"<p>\u00a0\u00a0\u00a0 \u2022\u00a0\u00a0 \u00a0Y muriendo se resucita a la vida\u2026\u2028<\/p>\n","protected":false},"author":93,"featured_media":0,"comment_status":"open","ping_status":"open","sticky":false,"template":"","format":"standard","meta":{"footnotes":""},"categories":[42],"tags":[],"class_list":["post-77874","post","type-post","status-publish","format-standard","hentry","category-nuestrapalabra"],"_links":{"self":[{"href":"https:\/\/plazajuarez.mx\/historico\/wp-json\/wp\/v2\/posts\/77874","targetHints":{"allow":["GET"]}}],"collection":[{"href":"https:\/\/plazajuarez.mx\/historico\/wp-json\/wp\/v2\/posts"}],"about":[{"href":"https:\/\/plazajuarez.mx\/historico\/wp-json\/wp\/v2\/types\/post"}],"author":[{"embeddable":true,"href":"https:\/\/plazajuarez.mx\/historico\/wp-json\/wp\/v2\/users\/93"}],"replies":[{"embeddable":true,"href":"https:\/\/plazajuarez.mx\/historico\/wp-json\/wp\/v2\/comments?post=77874"}],"version-history":[{"count":0,"href":"https:\/\/plazajuarez.mx\/historico\/wp-json\/wp\/v2\/posts\/77874\/revisions"}],"wp:attachment":[{"href":"https:\/\/plazajuarez.mx\/historico\/wp-json\/wp\/v2\/media?parent=77874"}],"wp:term":[{"taxonomy":"category","embeddable":true,"href":"https:\/\/plazajuarez.mx\/historico\/wp-json\/wp\/v2\/categories?post=77874"},{"taxonomy":"post_tag","embeddable":true,"href":"https:\/\/plazajuarez.mx\/historico\/wp-json\/wp\/v2\/tags?post=77874"}],"curies":[{"name":"wp","href":"https:\/\/api.w.org\/{rel}","templated":true}]}}