{"id":77873,"date":"2019-01-25T13:56:27","date_gmt":"2019-01-25T13:56:27","guid":{"rendered":"http:\/\/plazajuarez.mx\/index\/index.php\/2019\/01\/25\/49-foro-economico-mundial-de-davos\/"},"modified":"2019-01-25T13:56:27","modified_gmt":"2019-01-25T13:56:27","slug":"49-foro-economico-mundial-de-davos","status":"publish","type":"post","link":"https:\/\/plazajuarez.mx\/historico\/49-foro-economico-mundial-de-davos\/","title":{"rendered":"49\u00ba Foro Econ\u00f3mico Mundial de Davos"},"content":{"rendered":"<p>N\u00daMEROS CLAROS<br \/>\u00a0\u00a0 \u00a0\u2022\u00a0\u00a0 \u00a0Los reportes que llegan de Davos, indican que la transferencia de datos en la web se ha convertido en una mina de oro que que est\u00e1 acaparando la atenci\u00f3n de quienes participan hoy en el Foro Econ\u00f3mico Mundial\u2028<\/p>\n<p>  <!--more-->  <\/p>\n<p>\u00bfQu\u00e9 est\u00e1 pasando en Davos este a\u00f1o? Anualmente el Foro Econ\u00f3mico Mundial de Davos, Suiza, re\u00fane pol\u00edticos, hombres de negocios, intelectuales, cient\u00edficos y muchos otros observadores, para discutir sobre diversos temas; este a\u00f1o parece enfocarse a la seguridad de la informaci\u00f3n en las redes de internet en el mundo. <\/p>\n<p>No es para menos, el esc\u00e1ndalo de Facebook que llev\u00f3 a su creador al banquillo de los acusados en la Uni\u00f3n Europea y Estados Unidos son\u00f3 las voces de alarma, al igual que lo hizo en el pasado las fallas registradas en Apple y el robo de informaci\u00f3n \u00edntima de celebridades.<\/p>\n<p>Los usuarios y los gobiernos est\u00e1n exigiendo mayores controles sobre los miles de millones de datos que se producen cada d\u00eda. Este tema qu\u00e9 pasa por el desarrollo del gobierno digital y la transparencia en la rendici\u00f3n de cuentas de los gobiernos, de cara a la sociedad, as\u00ed como de la participaci\u00f3n de los ciudadanos en el Gobierno a trav\u00e9s de los medios electr\u00f3nicos, parece ser un tema trascendental para el crecimiento de la econom\u00eda mundial ahora y requiere la atenci\u00f3n de gobiernos e instituciones multilaterales.<\/p>\n<p>Los reportes que llegan de Davos, indican que la transferencia de datos en la web se ha convertido en una mina de oro que que est\u00e1 acaparando la atenci\u00f3n de quienes participan hoy en el Foro Econ\u00f3mico Mundial de Davos. Shinzo Abe, primer ministro de Jap\u00f3n, en su intervenci\u00f3n en el Foro dijo el mi\u00e9rcoles pasado que, todos los d\u00edas se producen m\u00e1s de 2.5 millones de billones de datos.<\/p>\n<p>Estas monta\u00f1as vertiginosas de informaci\u00f3n se han convertido en un problema importante. El motor del crecimiento ya no es el petr\u00f3leo, sino los datos digitales, dijo el jefe del gobierno japon\u00e9s que quiere que la regulaci\u00f3n de datos sea uno de los temas clave de la pr\u00f3xima cumbre del G20 en junio en Osaka; Shinzo Abe pretende crear un sistema para que se garantice el flujo libre de informaci\u00f3n de manera confiable, algo que tambi\u00e9n le preocupa a la Organizaci\u00f3n Mundial del Comercio (OMC) y a muchos gobiernos en el mundo.<\/p>\n<p>El tema alimenta muchas discusiones en Davos, donde los gigantes digitales se enfrentan a una protesta generalizada, dentro de un choque tecnol\u00f3gico contra pr\u00e1cticas a veces opacas sobre los datos recopilados de sus usuarios de bancos, empresas y gobiernos.<\/p>\n","protected":false},"excerpt":{"rendered":"<p>N\u00daMEROS CLAROS\u00a0\u00a0 \u00a0\u2022\u00a0\u00a0 \u00a0Los reportes que llegan de Davos, indican que la transferencia de datos en la web se ha convertido en una mina de oro que que est\u00e1 acaparando la atenci\u00f3n de quienes participan hoy en el Foro Econ\u00f3mico Mundial\u2028<\/p>\n","protected":false},"author":93,"featured_media":0,"comment_status":"open","ping_status":"open","sticky":false,"template":"","format":"standard","meta":{"footnotes":""},"categories":[42],"tags":[],"class_list":["post-77873","post","type-post","status-publish","format-standard","hentry","category-nuestrapalabra"],"_links":{"self":[{"href":"https:\/\/plazajuarez.mx\/historico\/wp-json\/wp\/v2\/posts\/77873","targetHints":{"allow":["GET"]}}],"collection":[{"href":"https:\/\/plazajuarez.mx\/historico\/wp-json\/wp\/v2\/posts"}],"about":[{"href":"https:\/\/plazajuarez.mx\/historico\/wp-json\/wp\/v2\/types\/post"}],"author":[{"embeddable":true,"href":"https:\/\/plazajuarez.mx\/historico\/wp-json\/wp\/v2\/users\/93"}],"replies":[{"embeddable":true,"href":"https:\/\/plazajuarez.mx\/historico\/wp-json\/wp\/v2\/comments?post=77873"}],"version-history":[{"count":0,"href":"https:\/\/plazajuarez.mx\/historico\/wp-json\/wp\/v2\/posts\/77873\/revisions"}],"wp:attachment":[{"href":"https:\/\/plazajuarez.mx\/historico\/wp-json\/wp\/v2\/media?parent=77873"}],"wp:term":[{"taxonomy":"category","embeddable":true,"href":"https:\/\/plazajuarez.mx\/historico\/wp-json\/wp\/v2\/categories?post=77873"},{"taxonomy":"post_tag","embeddable":true,"href":"https:\/\/plazajuarez.mx\/historico\/wp-json\/wp\/v2\/tags?post=77873"}],"curies":[{"name":"wp","href":"https:\/\/api.w.org\/{rel}","templated":true}]}}