{"id":77871,"date":"2019-01-25T13:55:45","date_gmt":"2019-01-25T13:55:45","guid":{"rendered":"http:\/\/plazajuarez.mx\/index\/index.php\/2019\/01\/25\/las-cartas-de-alazraki-11\/"},"modified":"2019-01-25T13:55:45","modified_gmt":"2019-01-25T13:55:45","slug":"las-cartas-de-alazraki-11","status":"publish","type":"post","link":"https:\/\/plazajuarez.mx\/historico\/las-cartas-de-alazraki-11\/","title":{"rendered":"Las Cartas de Alazraki"},"content":{"rendered":"<p>Entiendo que el presidente defina su pol\u00edtica exterior basada en la Doctrina Estrada\u2026 Entiendo y respeto que no debemos intervenir en los problemas de otros pa\u00edses\u2026 Pero lo que ustedes tienen que entender es que los tiempos cambiaron<\/p>\n<p>  <!--more-->  <\/p>\n<p>Carta dirigida a Marcelo Ebrard (reconozcan al presidente interino de Venezuela)<br \/>Estimado Marcelo: Como est\u00e1s enterado, hace dos d\u00edas el l\u00edder de la Asamblea Nacional de Venezuela, Juan Guaid\u00f3, se declar\u00f3 como presidente interino de nuestra hermana rep\u00fablica de Venezuela. Efectivamente, Marcelo, sin ning\u00fan signo ni de violencia ni de insurrecci\u00f3n, Juan Guaid\u00f3 tuvo los pantalones de intentar acabar con el r\u00e9gimen del dictador Maduro.<br \/>Al d\u00eda de hoy, muchos pa\u00edses han reconocido como presidente provisional a Juan. Estados Unidos, Canad\u00e1, Per\u00fa, Chile, Colombia, Argentina, Brasil, Espa\u00f1a, Alemania y much\u00edsimos pa\u00edses m\u00e1s ya han declarado ese reconocimiento. Por supuesto, que tambi\u00e9n hay pa\u00edses que apoyan a Maduro.<br \/>Pa\u00edses chistosamente gobernados por puros dictadores. Bolivia, Nicaragua, Cuba, Rusia y algunos pa\u00edses de chisguete en el Caribe que tambi\u00e9n apoyan al dictador. Y es aqu\u00ed cuando viene la gran sorpresa cuando ustedes declaran lo siguiente:<br \/>&#8220;M\u00e9xico reconoce a Maduro porque fue electo democr\u00e1ticamente por el pueblo venezolano&#8221;.<br \/>Marcelo: \u00a1\u00a1\u00a1No Mameeennn!!! \u00bfDe d\u00f3nde sacaron esa idiotez? \u00bfDe verdad crees que esa elecci\u00f3n fue limpia? Neta, neta\u2026 \u00bfReconocen al est\u00fapido de Maduro como un estadista? \u00bfLo reconocen como un presidente leg\u00edtimo?<br \/>\u00bfReconocen a ese asesino y destructor de la democracia y libertad de expresi\u00f3n como una persona honesta? \u00bfDe verdad reconocen a ese corrupto malviviente que ten\u00eda m\u00e1s lana que Al\u00ed Bab\u00e1 escondida en Miami?<br \/>\u00bfPara el gobierno federal, Maduro es un s\u00edmbolo de la democracia? \u00a1Porque si piensan as\u00ed, qu\u00e9 jodidos est\u00e1n! <br \/>Entiendo que el presidente defina su pol\u00edtica exterior basada en la Doctrina Estrada. Entiendo y respeto que no debemos intervenir en los problemas de otros pa\u00edses. Pero lo que ustedes tienen que entender es que los tiempos cambiaron. Estamos en el Siglo 21. El mundo est\u00e1 globalizado. Ya no es igual que antes.<br \/>Y un pa\u00eds tan importante como el nuestro, tiene que apoyar la democracia. Y nunca jam\u00e1s una dictadura.<br \/>Maduro es un dictador, un asesino, un destructor, un ignorante, un populista, una bestia que tiene quebrado a su pa\u00eds con una devaluaci\u00f3n e inflaci\u00f3n de 1 mill\u00f3n por ciento, un tirano que ha logrado que m\u00e1s de 1 mill\u00f3n de venezolanos hayan salido de su pa\u00eds en exilio para buscar mejores oportunidades de vida.<br \/>Y lo triste del tema, es que ustedes lo saben y no dicen ni hacen nada.<br \/>Para terminar mi carta semanal, te dir\u00e9 mi lectura a este silencio: Apoyan las dictaduras. Apoyan a los asesinos. Apoyan la censura a los medios de comunicaci\u00f3n. Apoyan las transas electorales. Apoyan la corrupci\u00f3n. Y desgraciadamente, tambi\u00e9n\u2026 Apoyan la reelecci\u00f3n.<br \/>Y pensar que nuestro presidente llevaba luchando contra todo esto m\u00e1s de 15 a\u00f1os. \u00a1Qu\u00e9 l\u00e1stima! <br \/>\u00a0<br \/>Mi correo es: eluniversal@alazraki.com.mx<\/p>\n","protected":false},"excerpt":{"rendered":"<p>Entiendo que el presidente defina su pol\u00edtica exterior basada en la Doctrina Estrada\u2026 Entiendo y respeto que no debemos intervenir en los problemas de otros pa\u00edses\u2026 Pero lo que ustedes tienen que entender es que los tiempos cambiaron<\/p>\n","protected":false},"author":93,"featured_media":0,"comment_status":"open","ping_status":"open","sticky":false,"template":"","format":"standard","meta":{"footnotes":""},"categories":[42],"tags":[],"class_list":["post-77871","post","type-post","status-publish","format-standard","hentry","category-nuestrapalabra"],"_links":{"self":[{"href":"https:\/\/plazajuarez.mx\/historico\/wp-json\/wp\/v2\/posts\/77871","targetHints":{"allow":["GET"]}}],"collection":[{"href":"https:\/\/plazajuarez.mx\/historico\/wp-json\/wp\/v2\/posts"}],"about":[{"href":"https:\/\/plazajuarez.mx\/historico\/wp-json\/wp\/v2\/types\/post"}],"author":[{"embeddable":true,"href":"https:\/\/plazajuarez.mx\/historico\/wp-json\/wp\/v2\/users\/93"}],"replies":[{"embeddable":true,"href":"https:\/\/plazajuarez.mx\/historico\/wp-json\/wp\/v2\/comments?post=77871"}],"version-history":[{"count":0,"href":"https:\/\/plazajuarez.mx\/historico\/wp-json\/wp\/v2\/posts\/77871\/revisions"}],"wp:attachment":[{"href":"https:\/\/plazajuarez.mx\/historico\/wp-json\/wp\/v2\/media?parent=77871"}],"wp:term":[{"taxonomy":"category","embeddable":true,"href":"https:\/\/plazajuarez.mx\/historico\/wp-json\/wp\/v2\/categories?post=77871"},{"taxonomy":"post_tag","embeddable":true,"href":"https:\/\/plazajuarez.mx\/historico\/wp-json\/wp\/v2\/tags?post=77871"}],"curies":[{"name":"wp","href":"https:\/\/api.w.org\/{rel}","templated":true}]}}