{"id":77863,"date":"2019-01-25T13:49:23","date_gmt":"2019-01-25T13:49:23","guid":{"rendered":"http:\/\/plazajuarez.mx\/index\/index.php\/2019\/01\/25\/aparicio-posa-para-la-revista-vanity-fair\/"},"modified":"2019-01-25T13:49:23","modified_gmt":"2019-01-25T13:49:23","slug":"aparicio-posa-para-la-revista-vanity-fair","status":"publish","type":"post","link":"https:\/\/plazajuarez.mx\/historico\/aparicio-posa-para-la-revista-vanity-fair\/","title":{"rendered":"Aparicio posa para la revista &#8220;Vanity Fair&#8221;"},"content":{"rendered":"<p>La actriz aparece sentada junto a otros actores de Hollywood, como Rami Malek, Nicholas Hoult y Regina King<\/p>\n<p>  <!--more-->  <\/p>\n<p>Yalitza Aparicio contin\u00faa dando de qu\u00e9 hablar, esta vez por su aparici\u00f3n en la portada de la revista &#8220;Vanity Fair&#8221;.<br \/>La protagonista mexicana de &#8220;Roma&#8221;, cinta de Alfonso Cuar\u00f3n, nominada a 10 premios Oscar, aparece en la portada n\u00famero 25 de la publicaci\u00f3n estadounidense.<br \/>Yalitza aparece sentada junto a otros actores de Hollywood, como Rami Malek, quien encarn\u00f3 a Freddie Mercury en la pel\u00edcula &#8220;Bohemian Rhapsody&#8221;.<br \/>Las instant\u00e1neas estuvieron a cargo del fot\u00f3grafo mexicano Emmanuel &#8220;Chivo&#8221; Lubezki, ganador de tres premios de la Academia, quien &#8220;captur\u00f3, en movimiento elocuente, el Hollywood de hoy y ma\u00f1ana&#8221;, se lee en la publicaci\u00f3n de la revista compartida en redes sociales.<br \/>Yalitza Aparicio suma otra portada m\u00e1s, recientemente apareci\u00f3 en The Hollywood Reporter, donde recorri\u00f3 las calles de la colonia Roma junto a Cuar\u00f3n.<\/p>\n","protected":false},"excerpt":{"rendered":"<p>La actriz aparece sentada junto a otros actores de Hollywood, como Rami Malek, Nicholas Hoult y Regina King<\/p>\n","protected":false},"author":93,"featured_media":0,"comment_status":"open","ping_status":"open","sticky":false,"template":"","format":"standard","meta":{"footnotes":""},"categories":[38],"tags":[],"class_list":["post-77863","post","type-post","status-publish","format-standard","hentry","category-show"],"_links":{"self":[{"href":"https:\/\/plazajuarez.mx\/historico\/wp-json\/wp\/v2\/posts\/77863","targetHints":{"allow":["GET"]}}],"collection":[{"href":"https:\/\/plazajuarez.mx\/historico\/wp-json\/wp\/v2\/posts"}],"about":[{"href":"https:\/\/plazajuarez.mx\/historico\/wp-json\/wp\/v2\/types\/post"}],"author":[{"embeddable":true,"href":"https:\/\/plazajuarez.mx\/historico\/wp-json\/wp\/v2\/users\/93"}],"replies":[{"embeddable":true,"href":"https:\/\/plazajuarez.mx\/historico\/wp-json\/wp\/v2\/comments?post=77863"}],"version-history":[{"count":0,"href":"https:\/\/plazajuarez.mx\/historico\/wp-json\/wp\/v2\/posts\/77863\/revisions"}],"wp:attachment":[{"href":"https:\/\/plazajuarez.mx\/historico\/wp-json\/wp\/v2\/media?parent=77863"}],"wp:term":[{"taxonomy":"category","embeddable":true,"href":"https:\/\/plazajuarez.mx\/historico\/wp-json\/wp\/v2\/categories?post=77863"},{"taxonomy":"post_tag","embeddable":true,"href":"https:\/\/plazajuarez.mx\/historico\/wp-json\/wp\/v2\/tags?post=77863"}],"curies":[{"name":"wp","href":"https:\/\/api.w.org\/{rel}","templated":true}]}}