{"id":77858,"date":"2019-01-25T13:47:37","date_gmt":"2019-01-25T13:47:37","guid":{"rendered":"http:\/\/plazajuarez.mx\/index\/index.php\/2019\/01\/25\/hallan-a-menor-que-estaba-desaparecido\/"},"modified":"2019-01-25T13:47:37","modified_gmt":"2019-01-25T13:47:37","slug":"hallan-a-menor-que-estaba-desaparecido","status":"publish","type":"post","link":"https:\/\/plazajuarez.mx\/historico\/hallan-a-menor-que-estaba-desaparecido\/","title":{"rendered":"HALLAN A MENOR QUE ESTABA DESAPARECIDO"},"content":{"rendered":"<p>PACHUCA<\/p>\n<p>  <!--more-->  <\/p>\n<p>La noche del mi\u00e9rcoles anterior se dio a conocer que, gracias a una oportuna intervenci\u00f3n, uniformados de la Secretar\u00eda de Seguridad P\u00fablica Municipal de Pachuca, encontraron a un menor de edad que fue reportado como desaparecido por su progenitora.<br \/>El informe oficial que emiti\u00f3 la dependencia policial refiere que cerca de las 22 horas de este mi\u00e9rcoles, el Centro de Comando C2 de la Secretar\u00eda de Seguridad P\u00fablica Municipal de Pachuca, solicit\u00f3 apoyo de la Unidad de Atenci\u00f3n y Respuesta Ciudadana para la b\u00fasqueda de un menor extraviado.<br \/>Por ello, los guardianes de la ley decidieron de manera pronta trasladarse a la calle Manuel Gea Gonz\u00e1lez, de la colonia Doctores, ya que en el lugar se encontraba una mujer, a la cual entrevistaron y quien les manifest\u00f3 que no localizaba a su hijo menor.<br \/>La afligida madre indic\u00f3 que no encontraba a su v\u00e1stago de iniciales J.G.C.T., de 13 a\u00f1os, quien \u00a0padece una discapacidad psicomotora, el cual debi\u00f3 salir a las 19 horas de la Escuela Secundaria General 1; sin embargo, no lleg\u00f3 a su domicilio.<br \/>Tras el reporte, elementos de la Polic\u00eda Municipal de Pachuca iniciaron la b\u00fasqueda del adolescente, mientras que la madre, de iniciales M. T. V., fue trasladada al Centro de Atenci\u00f3n a V\u00edctimas (CAVI), para que iniciaran una carpeta de investigaci\u00f3n por la desaparici\u00f3n de su hijo. Posteriormente fue llevada a su casa, donde se le inform\u00f3 que inmediatamente que se tuvieran noticias de su hijo, se le har\u00eda saber.<br \/>Por fortuna, finalmente, aproximadamente a las 02:36 horas, oficiales de polic\u00eda a bordo de una patrulla localizaron al extraviado entre las c\u00e9ntricas calles Morelos y Mina, donde fue entregado a la Unidad de Atenci\u00f3n y Respuesta Ciudadana para trasladarlo a su domicilio y ser devuelto a su progenitora.<\/p>\n","protected":false},"excerpt":{"rendered":"<p>PACHUCA<\/p>\n","protected":false},"author":93,"featured_media":0,"comment_status":"open","ping_status":"open","sticky":false,"template":"","format":"standard","meta":{"footnotes":""},"categories":[37],"tags":[],"class_list":["post-77858","post","type-post","status-publish","format-standard","hentry","category-barandilla"],"_links":{"self":[{"href":"https:\/\/plazajuarez.mx\/historico\/wp-json\/wp\/v2\/posts\/77858","targetHints":{"allow":["GET"]}}],"collection":[{"href":"https:\/\/plazajuarez.mx\/historico\/wp-json\/wp\/v2\/posts"}],"about":[{"href":"https:\/\/plazajuarez.mx\/historico\/wp-json\/wp\/v2\/types\/post"}],"author":[{"embeddable":true,"href":"https:\/\/plazajuarez.mx\/historico\/wp-json\/wp\/v2\/users\/93"}],"replies":[{"embeddable":true,"href":"https:\/\/plazajuarez.mx\/historico\/wp-json\/wp\/v2\/comments?post=77858"}],"version-history":[{"count":0,"href":"https:\/\/plazajuarez.mx\/historico\/wp-json\/wp\/v2\/posts\/77858\/revisions"}],"wp:attachment":[{"href":"https:\/\/plazajuarez.mx\/historico\/wp-json\/wp\/v2\/media?parent=77858"}],"wp:term":[{"taxonomy":"category","embeddable":true,"href":"https:\/\/plazajuarez.mx\/historico\/wp-json\/wp\/v2\/categories?post=77858"},{"taxonomy":"post_tag","embeddable":true,"href":"https:\/\/plazajuarez.mx\/historico\/wp-json\/wp\/v2\/tags?post=77858"}],"curies":[{"name":"wp","href":"https:\/\/api.w.org\/{rel}","templated":true}]}}