{"id":77851,"date":"2019-01-25T13:42:08","date_gmt":"2019-01-25T13:42:08","guid":{"rendered":"http:\/\/plazajuarez.mx\/index\/index.php\/2019\/01\/25\/deportes-nacional-180\/"},"modified":"2019-01-25T13:42:08","modified_gmt":"2019-01-25T13:42:08","slug":"deportes-nacional-180","status":"publish","type":"post","link":"https:\/\/plazajuarez.mx\/historico\/deportes-nacional-180\/","title":{"rendered":"Deportes Nacional"},"content":{"rendered":"<p>RUMBO A LOS \u00a0PANAMERICANOS DE LIMA 2019<br \/>Ana Guevara abander\u00f3 a la Selecci\u00f3n Mexicana de Beisbol<br \/>\u00a0\u00a0 \u00a0\u2022\u00a0\u00a0 \u00a0El torneo se disputar\u00e1 del 29 de enero al 3 de febrero en Sao Paulo, Brasil\u2028<\/p>\n<p>  <!--more-->  <\/p>\n<p>La titular de la Conade, Ana Gabriela Guevara, encabez\u00f3 el abanderamiento de la Selecci\u00f3n Mexicana de beisbol, que viajar\u00e1 hoy a Sao Paulo, Brasil, para buscar un boleto a los Juegos Panamericanos de Lima 2019.<\/p>\n<p>El torneo se disputar\u00e1 del 29 de enero al 3 de febrero en el pa\u00eds sudamericano, en donde los tricolores jugar\u00e1n por una de las cuatro plazas que otorga para la justa veraniega. M\u00e9xico debutar\u00e1 el 29 de enero ante Rep\u00fablica Dominicana en la primera fase del Panamericano. El 30 enfrentar\u00e1 a Nicaragua y el 31 al anfitri\u00f3n.<\/p>\n<p>En su primer evento oficial como dirigente de la Conade, Ana Gabriela Guevara entreg\u00f3 la Bandera de M\u00e9xico a los integrantes de la escolta, liderada por Luis Felipe Ju\u00e1rez D\u00edaz, y al resto de los peloteros Juan Ram\u00f3n Noriega, Esteban Haro, Alejandro Salazar, Enrique Barr\u00f3n y Fernando Flores.<\/p>\n<p>&#8220;El beisbol formar\u00e1 parte especial del proyecto que estamos desarrollando, el presidente (Andr\u00e9s Manuel L\u00f3pez Obrador) ya ha hecho p\u00fablico que es una de las prioridades para impulsarlo, desarrollarlo, y de crear mayor talento alrededor del beisbol&#8221;, dijo la titular, quien asegur\u00f3 que este tipo de eventos ayudar\u00e1n a que M\u00e9xico se mida ante las potencias latinoamericanas.<\/p>\n<p>&#8220;La premisa de los Presidentes de la LMB y de la LMP, junto con la del Presidente de Federaci\u00f3n es ya no ver a la disciplina local o de negocios, sino de hacerlo crecer para lograr grandes triunfos&#8221;, se\u00f1al\u00f3 Guevara.<\/p>\n<p>*****************<br \/>CONFIRMA ANA GUEVARA <\/p>\n<p>Adi\u00f3s a academias Conade<\/p>\n<p>\u00a0\u00a0 \u00a0\u2022\u00a0\u00a0 \u00a0La nueva titular de Conade ha optado por excluirlas de su proyecto\u2028<\/p>\n<p>Una de las estrategias que implement\u00f3 Alfredo Castillo durante su dirigencia (2015-2018) en la Comisi\u00f3n Nacional de Cultura F\u00edsica y Deporte fueron las academias. <\/p>\n<p>La nueva titular de Conade, Ana Gabriela Guevara, ha optado por excluirlas de su proyecto. <br \/>Adem\u00e1s, Guevara confirm\u00f3 que la Olimpiada Nacional se mantendr\u00e1 por lo menos un a\u00f1o m\u00e1s, aunque posiblemente tendr\u00e1 ajustes.<\/p>\n<p>&#8220;Pr\u00f3ximamente, en el encuentro del Sistema Nacional de Cultura F\u00edsica y Deporte (Sinade) ejerceremos un plan junto con la Secretar\u00eda de Educaci\u00f3n P\u00fablica (SEP) en la que veremos los cambios que se aplicar\u00e1n o si definitivamente se reestructura el formato&#8221;, dijo la ex velocista. <\/p>\n<p>Sobre la eliminaci\u00f3n de las academias, se\u00f1al\u00f3 que es innecesario continuar con un proyecto que deber\u00eda ser responsabilidad de las Federaciones. &#8220;Queremos que se involucren m\u00e1s para formar selecciones serias a nivel nacional y no s\u00f3lo hacer eventos de scouteo, los cuales no funcionaron&#8221;, evalu\u00f3. <\/p>\n<p>La directora a\u00f1adi\u00f3 que continuar con las academias hubiera representado un gasto considerable, pero que eso no significa que &#8220;vamos a desechar a los atletas. Ellos se podr\u00e1n quedar a entrenar, pero el concepto desaparece&#8221;.<\/p>\n<p>Para los Juegos Panamericanos 2019 que se disputar\u00e1n en Lima, la medallista ol\u00edmpica anunci\u00f3 que ser\u00e1n 400 millones de pesos los que invertir\u00e1n para la preparaci\u00f3n de los seleccionados, que se espera que sean m\u00e1s de 600.<\/p>\n<p>&#8220;Es un estimado que hicimos junto con el Comit\u00e9 Ol\u00edmpico Mexicano con base en el promedio de atletas que nos estar\u00e1n representando&#8221;, consider\u00f3.<\/p>\n","protected":false},"excerpt":{"rendered":"<p>RUMBO A LOS \u00a0PANAMERICANOS DE LIMA 2019Ana Guevara abander\u00f3 a la Selecci\u00f3n Mexicana de Beisbol\u00a0\u00a0 \u00a0\u2022\u00a0\u00a0 \u00a0El torneo se disputar\u00e1 del 29 de enero al 3 de febrero en Sao Paulo, Brasil\u2028<\/p>\n","protected":false},"author":93,"featured_media":0,"comment_status":"open","ping_status":"open","sticky":false,"template":"","format":"standard","meta":{"footnotes":""},"categories":[39],"tags":[],"class_list":["post-77851","post","type-post","status-publish","format-standard","hentry","category-deportiva"],"_links":{"self":[{"href":"https:\/\/plazajuarez.mx\/historico\/wp-json\/wp\/v2\/posts\/77851","targetHints":{"allow":["GET"]}}],"collection":[{"href":"https:\/\/plazajuarez.mx\/historico\/wp-json\/wp\/v2\/posts"}],"about":[{"href":"https:\/\/plazajuarez.mx\/historico\/wp-json\/wp\/v2\/types\/post"}],"author":[{"embeddable":true,"href":"https:\/\/plazajuarez.mx\/historico\/wp-json\/wp\/v2\/users\/93"}],"replies":[{"embeddable":true,"href":"https:\/\/plazajuarez.mx\/historico\/wp-json\/wp\/v2\/comments?post=77851"}],"version-history":[{"count":0,"href":"https:\/\/plazajuarez.mx\/historico\/wp-json\/wp\/v2\/posts\/77851\/revisions"}],"wp:attachment":[{"href":"https:\/\/plazajuarez.mx\/historico\/wp-json\/wp\/v2\/media?parent=77851"}],"wp:term":[{"taxonomy":"category","embeddable":true,"href":"https:\/\/plazajuarez.mx\/historico\/wp-json\/wp\/v2\/categories?post=77851"},{"taxonomy":"post_tag","embeddable":true,"href":"https:\/\/plazajuarez.mx\/historico\/wp-json\/wp\/v2\/tags?post=77851"}],"curies":[{"name":"wp","href":"https:\/\/api.w.org\/{rel}","templated":true}]}}