{"id":77520,"date":"2019-01-18T13:51:06","date_gmt":"2019-01-18T13:51:06","guid":{"rendered":"http:\/\/plazajuarez.mx\/index\/index.php\/2019\/01\/18\/las-cartas-de-alazraki-10\/"},"modified":"2019-01-18T13:51:06","modified_gmt":"2019-01-18T13:51:06","slug":"las-cartas-de-alazraki-10","status":"publish","type":"post","link":"https:\/\/plazajuarez.mx\/historico\/las-cartas-de-alazraki-10\/","title":{"rendered":"Las Cartas de Alazraki"},"content":{"rendered":"<p>Carta dirigida a los funcionarios p\u00fablicos (\u00bfBueno? \u00bfCon qui\u00e9n hablo?)<\/p>\n<p>  <!--more-->  <\/p>\n<p>Estimados Funcionarios P\u00fablicos:<br \/>Hace aproximadamente 6 semanas, tomaron protesta como miembros del gabinete del presidente L\u00f3pez Obrador.<br \/>Sin duda, han sido 6 semanas muy movidas y complicadas. Desde la sorpresiva cancelaci\u00f3n del NAICM hasta la cacer\u00eda de los huichicoleros.<br \/>En 6 semanas han tenido logros como tambi\u00e9n metidas de patas.<br \/>Sobre todo, metidas de pata en el tema de la comunicaci\u00f3n. Para empezar, yo dir\u00eda que las conferencias matutinas del presidente se me hacen excesivas.<br \/>Varias razones:<br \/>No puede tener cada d\u00eda una s\u00faper noticia.<br \/>En segundo lugar, que el presidente sea el \u00daNICO portavoz de sus colaboradores diario, implican 2 cosas:<br \/>Yo soy el UNICO que manda.<br \/>Y como consecuencia, este tipo de comunicaci\u00f3n implica indirectamente una dictadura o un reinado.<br \/>Cosa que en este caso, no es cierto.<br \/>Pero\u2026 percepci\u00f3n elimina realidad\u2026.<br \/>Sigamos con los anuncios:<br \/>Alguno de ustedes dijo en Diciembre del 2018, que la comunicaci\u00f3n social se eliminar\u00eda al 60% del presupuesto de Pe\u00f1a.<br \/>No es cierto.<br \/>Sus anuncios nos est\u00e1n saturando en cada corte a los radioescuchas y televidentes.<br \/>Y si dijeran: &#8220;\u00a1Qu\u00e9 anuncios tan interesantes!&#8221; se los perdonar\u00eda.<br \/>Pero\u2026 son m\u00e1s malos que la lepra y lo peor\u2026 \u00a1Los repiten y repiten! Ni Pe\u00f1a Nieto repet\u00eda tanto.<br \/>Y miren, que a \u00e9l le encantaba hacer anuncios.<br \/>Sigamos con sus testimonios p\u00fablicos: La jefa de gobierno propone que dos n\u00fameros del engomado carguen gasolina un d\u00eda por semana. Buena idea&#8230;<br \/>\u00bfY si cargo el lunes y se me acaba el mi\u00e9rcoles?<br \/>\u00bfYa me fregu\u00e9?<br \/>\u00bfA qu\u00e9 suena todo esto? Obvio\u2026 A \u00a1racionalizarla!<br \/>Otra:<br \/>&#8220;\u00a1La guerra del huachicoleo la vamos a ganar!&#8221; &#8220;Tengan paciencia&#8221;.<br \/>Y mientras tanto\u2026<br \/>El gobierno federal va a comprar \u00a1500 camiones repartidores de gasolina!<br \/>\u00bfQu\u00e9 quiere decir todo esto? \u00bfQue esta guerra va para largo? \u00bfAlgo que no quieren que nos enteremos y la esconden as\u00ed? <br \/>\u00bfVamos a seguir haciendo colas desesperantes en las gasolineras? \u00bfCu\u00e1nto tiempo? \u00bfPor qu\u00e9? \u00bfCu\u00e1ndo llegan las pipas? \u00bfNo importa que por esta manera de transporte la gasolina cueste 4 veces m\u00e1s que la entubada?<br \/>Y la m\u00e1s burda:<br \/>Los tel\u00e9fonos descompuestos entre todos ustedes. \u00a1Son verdaderamente incre\u00edbles! Uno dice una cosa, el otro dice lo contrario.<br \/>El director de Pemex no abre la boca y la secretaria de Energ\u00eda se sale por la tangente para que otro secretario o secretaria la corrija.<br \/>Y con estos ejemplos, podr\u00eda seguir con un par de cartas m\u00e1s.<br \/>Se\u00f1ores funcionarios:<br \/>Una recomendaci\u00f3n: Ya dejen de ser resentidos y pretenciosos. Dejen de ser vengativos.<br \/>Ya dejen de vociferar que son los mejores funcionarios de la historia. Ya dejen en paz el tema de la 4ta transformaci\u00f3n.<br \/>Los mexicanos ya la entendimos aunque no sepamos de qu\u00e9 se trate.<br \/>Y sobre todo: Sean m\u00e1s humildes. <br \/>Correo electr\u00f3nico: eluniversal@alazraki.com.mx<br \/>\u00a0<\/p>\n","protected":false},"excerpt":{"rendered":"<p>Carta dirigida a los funcionarios p\u00fablicos (\u00bfBueno? \u00bfCon qui\u00e9n hablo?)<\/p>\n","protected":false},"author":93,"featured_media":0,"comment_status":"open","ping_status":"open","sticky":false,"template":"","format":"standard","meta":{"footnotes":""},"categories":[42],"tags":[],"class_list":["post-77520","post","type-post","status-publish","format-standard","hentry","category-nuestrapalabra"],"_links":{"self":[{"href":"https:\/\/plazajuarez.mx\/historico\/wp-json\/wp\/v2\/posts\/77520","targetHints":{"allow":["GET"]}}],"collection":[{"href":"https:\/\/plazajuarez.mx\/historico\/wp-json\/wp\/v2\/posts"}],"about":[{"href":"https:\/\/plazajuarez.mx\/historico\/wp-json\/wp\/v2\/types\/post"}],"author":[{"embeddable":true,"href":"https:\/\/plazajuarez.mx\/historico\/wp-json\/wp\/v2\/users\/93"}],"replies":[{"embeddable":true,"href":"https:\/\/plazajuarez.mx\/historico\/wp-json\/wp\/v2\/comments?post=77520"}],"version-history":[{"count":0,"href":"https:\/\/plazajuarez.mx\/historico\/wp-json\/wp\/v2\/posts\/77520\/revisions"}],"wp:attachment":[{"href":"https:\/\/plazajuarez.mx\/historico\/wp-json\/wp\/v2\/media?parent=77520"}],"wp:term":[{"taxonomy":"category","embeddable":true,"href":"https:\/\/plazajuarez.mx\/historico\/wp-json\/wp\/v2\/categories?post=77520"},{"taxonomy":"post_tag","embeddable":true,"href":"https:\/\/plazajuarez.mx\/historico\/wp-json\/wp\/v2\/tags?post=77520"}],"curies":[{"name":"wp","href":"https:\/\/api.w.org\/{rel}","templated":true}]}}