{"id":77519,"date":"2019-01-18T13:51:06","date_gmt":"2019-01-18T13:51:06","guid":{"rendered":"http:\/\/plazajuarez.mx\/index\/index.php\/2019\/01\/18\/tercera-guerra-mundial\/"},"modified":"2019-01-18T13:51:06","modified_gmt":"2019-01-18T13:51:06","slug":"tercera-guerra-mundial","status":"publish","type":"post","link":"https:\/\/plazajuarez.mx\/historico\/tercera-guerra-mundial\/","title":{"rendered":"\u00bfTercera Guerra Mundial?"},"content":{"rendered":"<p>\u00a0\u00a0\u00a0 \u2022\u00a0\u00a0 \u00a0En los tableros de riesgos de diversos centros de observaci\u00f3n global, ha surgido la posibilidad de una nueva confrontaci\u00f3n entre potencias y bloques de pa\u00edses\u2028<\/p>\n<p>  <!--more-->  <\/p>\n<p>\u00bfVamos hacia una Tercera Guerra mundial? Inmersos en la crisis del desabasto de gasolina; preocupaci\u00f3n por dem\u00e1s justificada por su inmediatez y su letal impacto en las actividades ordinarias de las personas, familias, empresas e instituciones, esta pregunta se antoja necia y fuera de lugar. Lamentablemente la interrogaci\u00f3n no es una impertinencia. <br \/>La guerra del huachicol, el hundimiento de Pemex, los ruinosos desfiguros de sus directivos en su roadshow ante los financieros de Nueva York, los invasivos sermones matutinos del Tlatoani tonante desde Palacio Nacional y el fastidio de buscar una estaci\u00f3n de gasolina y luego esperar horas para cargar unos litros, parecen dejarnos sin aliento para ocuparnos de otros temas menos acuciantes, pero de trascendencia innegable. <br \/>En los tableros de riesgos de diversos centros de observaci\u00f3n global, ha surgido la posibilidad de una nueva confrontaci\u00f3n entre potencias y bloques de pa\u00edses. Los representantes de esas &#8220;instituciones atalayas&#8221;, que otean las tendencias y tensiones en el juego pol\u00edtico internacional, se han referido recientemente en varias ocasiones a este peligro.<br \/>No lo advierten como algo inminente pero s\u00ed como una indeseable desembocadura de varios conflictos en marcha y de la descabellada demolici\u00f3n del imperfecto pero estabilizador sistema multilateral de instituciones mundiales y regionales creadas en la fase de la posguerra (1945) y posteriormente en la etapa de la posguerra fr\u00eda (1989). <br \/>La primera prevenci\u00f3n la escuchamos de Ant\u00f3nio Guterres, Secretario General de la ONU, durante la apertura del Debate General del 73\u00ba Periodo de Sesiones de la Asamblea General (26\/09\/18). &#8220;Los valores universales se est\u00e1n erosionando. Los principios democr\u00e1ticos est\u00e1n bajo asedio\u2026 No debemos dejarnos arrastrar sin darnos cuenta hacia la guerra\u2026&#8221;<br \/>La segunda admonici\u00f3n la pronunci\u00f3 el Papa en su mensaje anual a los embajadores acreditados ante la Santa Sede (06\/01\/19). Hizo un balance denso y detallado de la situaci\u00f3n mundial. <br \/>El Vaticano, como bien se sabe, es un gran recipiente de informaci\u00f3n de todos los rincones de la tierra, merced a su amplia red de Nunciaturas, al numeroso cuerpo diplom\u00e1tico acreditado ante el Pont\u00edfice y a su condici\u00f3n de Iglesia presente en la mayor\u00eda de los cinco continentes. <br \/>A la luz de los datos recabados y analizados en sus diversas instancias, en primer lugar, la Secretar\u00eda de Estado, el Pont\u00edfice sostuvo ante los Embajadores: &#8220;La comunidad internacional y el sistema multilateral en su conjunto, est\u00e1n atravesando momentos de dificultad, con el resurgir de tendencias nacionalistas que minan la vocaci\u00f3n de las organizaciones internacionales. Algunas actitudes evocan el periodo de entreguerras, en el que las tendencias populistas y nacionalistas prevalecieron sobre la acci\u00f3n de la sociedad de naciones\u2026 La reaparici\u00f3n de corrientes semejantes est\u00e1 debilitando el sistema multilateral&#8230;&#8221;.<br \/>El tercer apercibimiento lo hizo Eurasia Group, una de las consultor\u00edas m\u00e1s prestigiadas en los circuitos financieros. En su an\u00e1lisis de riesgos para 2019, sostiene: los ciclos geopol\u00edticos son de movimiento lento, se necesita mucho para construir un orden geopol\u00edtico y por lo regular lleva a\u00f1os, incluso d\u00e9cadas, derribarlo. &#8220;Ese proceso de erosi\u00f3n est\u00e1 en marcha en todo el mundo\u2026&#8221; Se\u00f1ala que los riesgos de desastre creados por los malos actores infligiendo da\u00f1os que pueden crear un ciclo en escalada &#8220;son los m\u00e1s altos&#8221; desde el lanzamiento de la calificadora en 1998. <br \/>Los desasosiegos que vivimos ahora en M\u00e9xico son hasta ahora de factura local, pero como bien lo se\u00f1ala el aludido, nuestro pa\u00eds se ha colocado ya dentro de los diez principales factores de riesgo internacional. Los 3 an\u00e1lisis coinciden en que el virus envenenador del sistema global es la polarizaci\u00f3n procedente de los populismos de izquierda y derecha. Infecci\u00f3n ya presente en nuestro pa\u00eds.<br \/>Twitter: @L_FBravoMena<\/p>\n","protected":false},"excerpt":{"rendered":"<p>\u00a0\u00a0\u00a0 \u2022\u00a0\u00a0 \u00a0En los tableros de riesgos de diversos centros de observaci\u00f3n global, ha surgido la posibilidad de una nueva confrontaci\u00f3n entre potencias y bloques de pa\u00edses\u2028<\/p>\n","protected":false},"author":93,"featured_media":0,"comment_status":"open","ping_status":"open","sticky":false,"template":"","format":"standard","meta":{"footnotes":""},"categories":[42],"tags":[],"class_list":["post-77519","post","type-post","status-publish","format-standard","hentry","category-nuestrapalabra"],"_links":{"self":[{"href":"https:\/\/plazajuarez.mx\/historico\/wp-json\/wp\/v2\/posts\/77519","targetHints":{"allow":["GET"]}}],"collection":[{"href":"https:\/\/plazajuarez.mx\/historico\/wp-json\/wp\/v2\/posts"}],"about":[{"href":"https:\/\/plazajuarez.mx\/historico\/wp-json\/wp\/v2\/types\/post"}],"author":[{"embeddable":true,"href":"https:\/\/plazajuarez.mx\/historico\/wp-json\/wp\/v2\/users\/93"}],"replies":[{"embeddable":true,"href":"https:\/\/plazajuarez.mx\/historico\/wp-json\/wp\/v2\/comments?post=77519"}],"version-history":[{"count":0,"href":"https:\/\/plazajuarez.mx\/historico\/wp-json\/wp\/v2\/posts\/77519\/revisions"}],"wp:attachment":[{"href":"https:\/\/plazajuarez.mx\/historico\/wp-json\/wp\/v2\/media?parent=77519"}],"wp:term":[{"taxonomy":"category","embeddable":true,"href":"https:\/\/plazajuarez.mx\/historico\/wp-json\/wp\/v2\/categories?post=77519"},{"taxonomy":"post_tag","embeddable":true,"href":"https:\/\/plazajuarez.mx\/historico\/wp-json\/wp\/v2\/tags?post=77519"}],"curies":[{"name":"wp","href":"https:\/\/api.w.org\/{rel}","templated":true}]}}