{"id":77516,"date":"2019-01-18T13:49:37","date_gmt":"2019-01-18T13:49:37","guid":{"rendered":"http:\/\/plazajuarez.mx\/index\/index.php\/2019\/01\/18\/amlo-en-las-entranas-del-huachicol\/"},"modified":"2019-01-18T13:49:37","modified_gmt":"2019-01-18T13:49:37","slug":"amlo-en-las-entranas-del-huachicol","status":"publish","type":"post","link":"https:\/\/plazajuarez.mx\/historico\/amlo-en-las-entranas-del-huachicol\/","title":{"rendered":"AMLO, en las entra\u00f1as del &#8220;huachicol&#8221;"},"content":{"rendered":"<p>Bajo Reserva Expr\u00e9s<\/p>\n<p>  <!--more-->  <\/p>\n<p>Sin hacer show, como \u00e9l mismo dice de su estrategia contra el robo de combustibles, el presidente Andr\u00e9s Manuel L\u00f3pez Obrador se meter\u00e1 en las entra\u00f1as del &#8220;huachicol&#8221;.<br \/>Nos dicen que parte del plan de combate a la ordena de gasolinas, el tabasque\u00f1o acudir\u00e1 la pr\u00f3xima semana a poblados donde se comete el delito, principalmente en los estados de Puebla e Hidalgo.<br \/>Desde ahora, nos adelantan, se alista todo un operativo de seguridad para el recorrido del mandatario y el convoy de los representantes de los medios de comunicaci\u00f3n de la fuente presidencial.<br \/>\u00bfLlamar\u00e1 a los &#8220;huachicoleros&#8221; a no seguir haciendo travesuras?<\/p>\n","protected":false},"excerpt":{"rendered":"<p>Bajo Reserva Expr\u00e9s<\/p>\n","protected":false},"author":93,"featured_media":0,"comment_status":"open","ping_status":"open","sticky":false,"template":"","format":"standard","meta":{"footnotes":""},"categories":[42],"tags":[],"class_list":["post-77516","post","type-post","status-publish","format-standard","hentry","category-nuestrapalabra"],"_links":{"self":[{"href":"https:\/\/plazajuarez.mx\/historico\/wp-json\/wp\/v2\/posts\/77516","targetHints":{"allow":["GET"]}}],"collection":[{"href":"https:\/\/plazajuarez.mx\/historico\/wp-json\/wp\/v2\/posts"}],"about":[{"href":"https:\/\/plazajuarez.mx\/historico\/wp-json\/wp\/v2\/types\/post"}],"author":[{"embeddable":true,"href":"https:\/\/plazajuarez.mx\/historico\/wp-json\/wp\/v2\/users\/93"}],"replies":[{"embeddable":true,"href":"https:\/\/plazajuarez.mx\/historico\/wp-json\/wp\/v2\/comments?post=77516"}],"version-history":[{"count":0,"href":"https:\/\/plazajuarez.mx\/historico\/wp-json\/wp\/v2\/posts\/77516\/revisions"}],"wp:attachment":[{"href":"https:\/\/plazajuarez.mx\/historico\/wp-json\/wp\/v2\/media?parent=77516"}],"wp:term":[{"taxonomy":"category","embeddable":true,"href":"https:\/\/plazajuarez.mx\/historico\/wp-json\/wp\/v2\/categories?post=77516"},{"taxonomy":"post_tag","embeddable":true,"href":"https:\/\/plazajuarez.mx\/historico\/wp-json\/wp\/v2\/tags?post=77516"}],"curies":[{"name":"wp","href":"https:\/\/api.w.org\/{rel}","templated":true}]}}