{"id":77515,"date":"2019-01-18T13:49:16","date_gmt":"2019-01-18T13:49:16","guid":{"rendered":"http:\/\/plazajuarez.mx\/index\/index.php\/2019\/01\/18\/roma-la-habra-visto-trump\/"},"modified":"2019-01-18T13:49:16","modified_gmt":"2019-01-18T13:49:16","slug":"roma-la-habra-visto-trump","status":"publish","type":"post","link":"https:\/\/plazajuarez.mx\/historico\/roma-la-habra-visto-trump\/","title":{"rendered":"Roma, \u00bfla habr\u00e1 visto Trump?"},"content":{"rendered":"<p>\u00a0\u00a0\u00a0 \u2022\u00a0\u00a0 \u00a0Los argumentos de Trump son f\u00e1cilmente controvertibles. No existe hist\u00f3ricamente un solo caso documentado del paso de terroristas por la l\u00ednea que divide a los pa\u00edses. El \u00faltimo fue Pancho Villa cuando invadi\u00f3 Columbus\u2028<\/p>\n<p>  <!--more-->  <\/p>\n<p>Un abrazo a Enrique, Mercedes y Bernardo Berruga<br \/>Mientras la gasolina nuestra de cada d\u00eda ocupa la atenci\u00f3n del pa\u00eds, otros asuntos han quedado a la deriva. Uno de ellos, la relaci\u00f3n con Estados Unidos. Trump insiste en que todos los males que aquejan a su pa\u00eds: drogas, violadores, delincuentes y hasta amenazas terroristas provienen de M\u00e9xico. Seg\u00fan su teor\u00eda, EU vive una crisis generada por M\u00e9xico. El cierre del gobierno y la suspensi\u00f3n de actividades de m\u00e1s de 800,000 bur\u00f3cratas por un mes, deriva del conflicto entre Trump y los dem\u00f3cratas, ahora mayor\u00eda, de la C\u00e1mara de Representantes que se niegan a autorizar el dinero para el muro en la frontera con M\u00e9xico.<br \/>Los argumentos de Trump son f\u00e1cilmente controvertibles. No existe hist\u00f3ricamente un solo caso documentado del paso de terroristas por la l\u00ednea que divide a los pa\u00edses. El \u00faltimo fue Pancho Villa cuando invadi\u00f3 Columbus. Hist\u00f3ricamente los terroristas se suben a los aviones que luego estrellan contra los edificios, sin que M\u00e9xico tenga algo que ver. Las detenciones que se hacen en la frontera han ido a la baja desde 1972 y el a\u00f1o de menos detenciones fue 2017, cuando lleg\u00f3 Trump.<br \/>Ha dicho que la \u00fanica manera de detener el flujo migratorio es a trav\u00e9s del muro. La mayor migraci\u00f3n indocumentada deriva de visitantes legales cuyas visas expiran mientras deciden permanecer en EU. En cuanto a la entrada ilegal de drogas, la informaci\u00f3n que existe, hasta la que ocupa horas en las series televisivas sobre narcos, demuestra que el tr\u00e1fico de drogas es verdaderamente un problema mayor (para M\u00e9xico m\u00e1s) pero llega a Estados Unidos en coches, camiones y aviones, por t\u00faneles, por el mar y en ocasiones hasta en submarinos. El tr\u00e1fico hormiga por los sitios desprotegidos es inexistente.<br \/>En este debate, en que se ha llegado hasta pensar en declarar una emergencia nacional, el gran ausente es nuestro pa\u00eds. No se necesita conocer un tratado de ciencia pol\u00edtica o haber le\u00eddo la obra de Maquiavelo, para darse cuenta que lo del muro es pol\u00edtica interior de EU. Trump ha dicho que M\u00e9xico pagar\u00e1, aunque no quiera, debido al trato comercial favorable en que obtiene el mejor beneficio. El muro cuesta 5,700 millones de d\u00f3lares. Esta cantidad es apenas un octavo de 1% del presupuesto total del gobierno federal de EU. Todav\u00eda quedar\u00eda despu\u00e9s de construir el muro 99.87% de recursos presupuestales. No es un tema de dinero sino de pol\u00edtica interior, aderezado con racismo, persecuci\u00f3n, nativismo y antimexicanismo.<br \/>M\u00e9xico por su parte nombr\u00f3 como embajadora ante EU a Martha B\u00e1rcena, una magn\u00edfica diplom\u00e1tica de carrera. Tendr\u00e1 a su cargo la dif\u00edcil relaci\u00f3n y la tarea de insistir en la grandeza mexicana ante los agravios del bravuc\u00f3n. Como dijo al presentar sus credenciales: la contribuci\u00f3n de los mexicanos a la sociedad, cultura y econom\u00eda de EU es invaluable. Pudo haber agregado que M\u00e9xico es capaz de crear cultura, como lo demuestra Roma, la de Cuar\u00f3n. \u00bfLa habr\u00e1 visto Trump? \u00bfLe habr\u00e1 entendido?<br \/>La soberan\u00eda es algo m\u00e1s que un cap\u00edtulo en los tratados de ciencia pol\u00edtica. Desde Bodino, como ense\u00f1aba el maestro De la Cueva en la UNAM, la soberan\u00eda tiene dos dimensiones: una externa y otra interna. La interna consiste en el no reconocimiento de ning\u00fan poder que pretenda oponerse al del soberano. Como el soberano es el pueblo, el presidente ha dejado claro que es el pueblo el que manda, como tambi\u00e9n es claro que \u00e9l es su int\u00e9rprete y vocero. No obstante, en la dimensi\u00f3n externa la soberan\u00eda significa la independencia de la Rep\u00fablica frente a cualquier otra. La soberan\u00eda externa presupone la presencia de otras comunidades igualmente soberanas, con las que debe darse una coexistencia internacional, en la cual un elemento indispensable es la dignidad y el respeto rec\u00edprocos. No puede tolerarse el menoscabo de la dignidad de un pueblo como ha venido haciendo Trump con M\u00e9xico.<br \/>Ahora que el pa\u00eds celebra el \u00e9xito de Roma, la extraordinaria pel\u00edcula mexicana del momento y ante el silencio oficial frente a los agravios del vecino, de otorgarse el Oscar, su director Alfonso Cuar\u00f3n tendr\u00eda todas las credenciales populares para, al recibir el merecido galard\u00f3n, reiterar que los mexicanos no somos lo que dicen. Roma es una simple muestra de la grandeza mexicana, de las que hay muchas otras.<br \/>Twitter: @DrMario MelgarA<\/p>\n","protected":false},"excerpt":{"rendered":"<p>\u00a0\u00a0\u00a0 \u2022\u00a0\u00a0 \u00a0Los argumentos de Trump son f\u00e1cilmente controvertibles. No existe hist\u00f3ricamente un solo caso documentado del paso de terroristas por la l\u00ednea que divide a los pa\u00edses. El \u00faltimo fue Pancho Villa cuando invadi\u00f3 Columbus\u2028<\/p>\n","protected":false},"author":93,"featured_media":0,"comment_status":"open","ping_status":"open","sticky":false,"template":"","format":"standard","meta":{"footnotes":""},"categories":[42],"tags":[],"class_list":["post-77515","post","type-post","status-publish","format-standard","hentry","category-nuestrapalabra"],"_links":{"self":[{"href":"https:\/\/plazajuarez.mx\/historico\/wp-json\/wp\/v2\/posts\/77515","targetHints":{"allow":["GET"]}}],"collection":[{"href":"https:\/\/plazajuarez.mx\/historico\/wp-json\/wp\/v2\/posts"}],"about":[{"href":"https:\/\/plazajuarez.mx\/historico\/wp-json\/wp\/v2\/types\/post"}],"author":[{"embeddable":true,"href":"https:\/\/plazajuarez.mx\/historico\/wp-json\/wp\/v2\/users\/93"}],"replies":[{"embeddable":true,"href":"https:\/\/plazajuarez.mx\/historico\/wp-json\/wp\/v2\/comments?post=77515"}],"version-history":[{"count":0,"href":"https:\/\/plazajuarez.mx\/historico\/wp-json\/wp\/v2\/posts\/77515\/revisions"}],"wp:attachment":[{"href":"https:\/\/plazajuarez.mx\/historico\/wp-json\/wp\/v2\/media?parent=77515"}],"wp:term":[{"taxonomy":"category","embeddable":true,"href":"https:\/\/plazajuarez.mx\/historico\/wp-json\/wp\/v2\/categories?post=77515"},{"taxonomy":"post_tag","embeddable":true,"href":"https:\/\/plazajuarez.mx\/historico\/wp-json\/wp\/v2\/tags?post=77515"}],"curies":[{"name":"wp","href":"https:\/\/api.w.org\/{rel}","templated":true}]}}