{"id":77514,"date":"2019-01-18T13:49:09","date_gmt":"2019-01-18T13:49:09","guid":{"rendered":"http:\/\/plazajuarez.mx\/index\/index.php\/2019\/01\/18\/exigen-al-inbal-que-no-haya-despidos-masivos\/"},"modified":"2019-01-18T13:49:09","modified_gmt":"2019-01-18T13:49:09","slug":"exigen-al-inbal-que-no-haya-despidos-masivos","status":"publish","type":"post","link":"https:\/\/plazajuarez.mx\/historico\/exigen-al-inbal-que-no-haya-despidos-masivos\/","title":{"rendered":"Exigen al INBAL que no haya despidos masivos"},"content":{"rendered":"<p>\u00a0\u00a0\u00a0 \u2022\u00a0\u00a0 \u00a0Francisco Albarr\u00e1n Villanueva, secretario general del Sindicato Nacional Independiente de Trabajadores del Instituto Nacional de Bellas Artes y Literatura (SINITINBAL)\u2028<\/p>\n<p>  <!--more-->  <\/p>\n<p>Trabajadores de la Coalici\u00f3n del Instituto Nacional de Bellas Artes y Literatura pidieron este mi\u00e9rcoles que no haya despidos masivos, que se respeten de los acuerdos laborales y sindicales, as\u00ed como a las negociaciones salariales y de prestaciones de 2019.<br \/>Francisco Albarr\u00e1n Villanueva, secretario general del Sindicato Nacional Independiente de Trabajadores del Instituto Nacional de Bellas Artes y Literatura (SINITINBAL), explic\u00f3 que el grupo de alrededor de 100 empleados se encontraban en la explanada de Bellas Artes para exigir sus derechos laborales como sindicalizados, y tambi\u00e9n los de otros trabajadores que no son de base.<br \/>&#8220;Nosotros tambi\u00e9n apoyamos a los compa\u00f1eros del Cap\u00edtulo 3000, siempre y cuando sean compa\u00f1eros operativos, porque Cap\u00edtulo 3000 son mandos medios y superiores con nombramientos, que son lo que cobran 50 mil pesos mensuales pero que no asisten a sus labores. Los trabajadores por nombramiento son una estructura de personal de confianza que cobra una cantidad excesiva en recursos y a veces ni asisten a trabajar&#8221;, dijo Albarr\u00e1n. <br \/>El secretario general del SINITINBAL adelant\u00f3 que este jueves tendr\u00e1n una reuni\u00f3n con Alejandra Frausto, secretaria de Cultura federal, a las 18:00 horas, en Arenal 40, sede de la Secretar\u00eda en la Ciudad de M\u00e9xico, a donde planean llegar con un pliego petitorio en el que expondr\u00e1n sus inconformidades y que dependiendo de las respuestas tomar\u00e1n sus siguientes acciones. <br \/>Albarr\u00e1n Villanueva indic\u00f3 que entre las inconformidades est\u00e1 el presupuesto cultural destinado para el ejercicio fiscal 2019, pues &#8220;no hubo sensibilidad social y pol\u00edtica ni en el Ejecutivo federal ni en el Poder Legislativo para que se hubiera asignado el 1% del Producto Interno Bruto, tal y como lo tiene establecido la UNESCO para el rubro de la Cultura, quiz\u00e1 como ya nos hemos manifestado muchas veces, creo que nos traen de encargo&#8221;. <br \/>El integrante del sindicato declar\u00f3 que algunos de sus compa\u00f1eros se han reunido con Lucina Jim\u00e9nez, directora general del Instituto Nacional de Bellas Artes y Literatura (INBAL); a quien le solicitan ser cuidadosa en los nombramientos que realiza. <br \/>&#8220;Como directora general, Lucina Jim\u00e9nez debiese tener mayor cuidado en qui\u00e9nes designa como autoridades, en virtud de que ubicamos a varios personajes que en su momento ya fungieron como autoridades y los resultados que dieron dejaron un recuerdo no muy grato. Los nombramientos de algunos funcionarios los estamos viendo como un reciclaje porque regresan ex funcionarios, no estamos viendo un cambio, porque un cambio es que venga gente nueva y no es as\u00ed&#8221;, mencion\u00f3 Albarr\u00e1n.<br \/>Otro de los temas que abordaron los trabajadores en su protesta fue el del proceso de &#8220;sanaci\u00f3n econ\u00f3mica&#8221; que ha planteado Lucina Jim\u00e9nez, pues desde su perspectiva, debe de haber un &#8220;revisi\u00f3n exhaustiva&#8221;, en la que se analice a profundidad todas las plantillas t\u00e9cnicas, tanto de departamentos como de los centros de trabajo para evitar o revertir el mal uso de los recursos p\u00fablicos. Adem\u00e1s solicitaron un esclarecimiento de lo que la nueva administraci\u00f3n ha denominado &#8220;reorganizaci\u00f3n interna&#8221;, para evitar &#8220;malos entendidos&#8221;.<br \/>Los trabajadores permanecieron alrededor de una hora en la explanada de Bellas Artes y antes de retirarse colocaron una manta en la entrada del recinto, la cual, originalmente, fue pensada para ser colgada en el balc\u00f3n central; sin embargo, las autoridades del Palacio no se los permitieron.<\/p>\n<p>\u00a0<\/p>\n","protected":false},"excerpt":{"rendered":"<p>\u00a0\u00a0\u00a0 \u2022\u00a0\u00a0 \u00a0Francisco Albarr\u00e1n Villanueva, secretario general del Sindicato Nacional Independiente de Trabajadores del Instituto Nacional de Bellas Artes y Literatura (SINITINBAL)\u2028<\/p>\n","protected":false},"author":93,"featured_media":0,"comment_status":"open","ping_status":"open","sticky":false,"template":"","format":"standard","meta":{"footnotes":""},"categories":[41],"tags":[],"class_list":["post-77514","post","type-post","status-publish","format-standard","hentry","category-arteria-cultural"],"_links":{"self":[{"href":"https:\/\/plazajuarez.mx\/historico\/wp-json\/wp\/v2\/posts\/77514","targetHints":{"allow":["GET"]}}],"collection":[{"href":"https:\/\/plazajuarez.mx\/historico\/wp-json\/wp\/v2\/posts"}],"about":[{"href":"https:\/\/plazajuarez.mx\/historico\/wp-json\/wp\/v2\/types\/post"}],"author":[{"embeddable":true,"href":"https:\/\/plazajuarez.mx\/historico\/wp-json\/wp\/v2\/users\/93"}],"replies":[{"embeddable":true,"href":"https:\/\/plazajuarez.mx\/historico\/wp-json\/wp\/v2\/comments?post=77514"}],"version-history":[{"count":0,"href":"https:\/\/plazajuarez.mx\/historico\/wp-json\/wp\/v2\/posts\/77514\/revisions"}],"wp:attachment":[{"href":"https:\/\/plazajuarez.mx\/historico\/wp-json\/wp\/v2\/media?parent=77514"}],"wp:term":[{"taxonomy":"category","embeddable":true,"href":"https:\/\/plazajuarez.mx\/historico\/wp-json\/wp\/v2\/categories?post=77514"},{"taxonomy":"post_tag","embeddable":true,"href":"https:\/\/plazajuarez.mx\/historico\/wp-json\/wp\/v2\/tags?post=77514"}],"curies":[{"name":"wp","href":"https:\/\/api.w.org\/{rel}","templated":true}]}}