{"id":77513,"date":"2019-01-18T13:48:01","date_gmt":"2019-01-18T13:48:01","guid":{"rendered":"http:\/\/plazajuarez.mx\/index\/index.php\/2019\/01\/18\/vicent-niclo-de-francia-para-el-mundo\/"},"modified":"2019-01-18T13:48:01","modified_gmt":"2019-01-18T13:48:01","slug":"vicent-niclo-de-francia-para-el-mundo","status":"publish","type":"post","link":"https:\/\/plazajuarez.mx\/historico\/vicent-niclo-de-francia-para-el-mundo\/","title":{"rendered":"Vicent Niclo de Francia para el mundo"},"content":{"rendered":"<p>\u00a0\u00a0\u00a0 \u2022\u00a0\u00a0 \u00a0 El joven tenor dijo que si bien agradece el reconocimiento, sigue sintiendo la presi\u00f3n que eso genera y al mismo tiempo, reafirma el compromiso que tiene con el p\u00fablico\u2028<\/p>\n<p>  <!--more-->  <\/p>\n<p>Es considerado por la cr\u00edtica francesa como uno de los grandes tenores de los que todo el mundo hablar\u00e1 pr\u00f3ximamente y pese a su corta edad, Vicent Niclo se mantiene humilde y agradece el poder llevar su m\u00fasica a otras partes del mundo.<br \/>En entrevista, el joven tenor dijo que si bien agradece el reconocimiento, sigue sintiendo la presi\u00f3n que eso genera y al mismo tiempo, reafirma el compromiso que tiene con el p\u00fablico.<br \/>&#8220;Claro que siento presi\u00f3n porque tienes que estar al pendiente de lo que haces y c\u00f3mo vas a mejorar todo el tiempo. Quiero mostrarle a la gente mis sentimientos, m\u00e1s all\u00e1 de c\u00f3mo me veo, mi voz, porque eso es lo que tengo y es para lo que me he preparado toda mi vida&#8221;.<br \/>Adem\u00e1s de cantante, con lo que ha conseguido vender m\u00e1s de un mill\u00f3n de copias de discos en su pa\u00eds natal, Niclo tambi\u00e9n ha logrado incursionar como conductor dentro de la televisi\u00f3n francesa e incluso logr\u00f3 ser uno de los invitados de Celine Dion para abrir sus shows. Es as\u00ed que ahora, se presentar\u00e1 en la capital a fin de mes al lado de Sarah Brightman y afirm\u00f3, usa su voz como carta de presentaci\u00f3n.<br \/>&#8220;No tengo ninguna estrategia para llegar al mundo, creo que lo llamar\u00eda como que estoy haciendo las cosas a mi manera. Sigo trabajando en mi voz y haciendo lo que m\u00e1s amo que es cantar, intento mejorar en ello y creo en mi destino, creo que todo es parte de algo. Nunca hubiera podido imaginar que estar\u00eda haciendo una gira al lado de Sarah Brightman, la conoc\u00eda de antes y respetaba su trabajo, pero mi vida es como vivir un sue\u00f1o todos los d\u00edas.<br \/>&#8220;Cuando empec\u00e9 a cantar jam\u00e1s hubiera siquiera imaginado que estar\u00eda cantando con ella o con Pl\u00e1cido Domingo, Michael Bubl\u00e9 o todas estas grandes estrellas que ve\u00eda en la tele, ni siquiera lo hubiera imaginado y que un d\u00eda los conocer\u00eda y trabajar\u00eda con ellos. Para mi todo es posible, trabajo duro, intento mostrarle a la gente alrededor del mundo mi trabajo y espero con ansias ver su respuesta. Espero que en M\u00e9xico la gente disfrute un poco de mi trabajo&#8221;.<br \/>Para el cantante, quien dijo que ha venido un par de ocasiones anteriormente para vacacionar, pero no para cantar, volver a la capital le causa emoci\u00f3n al doble.<br \/>&#8220;Me encant\u00f3. Es hermoso, la gente es muy amable, la comida es rica y los d\u00edas son muy agradables&#8221;. El tenor dijo que nunca imagin\u00f3 que esto suceder\u00eda pero se dijo agradecido con Brightman y la oportunidad brindada. &#8220;Estoy muy agradecido con ella porque me invit\u00f3 a su tour. Ella me vio en la televisi\u00f3n francesa mientras estaba en su casa al sur de Francia y me contacto para hacer un dueto y luego de eso me dio la oportunidad de acompa\u00f1arla&#8221;.<\/p>\n<p>\u00a0<\/p>\n","protected":false},"excerpt":{"rendered":"<p>\u00a0\u00a0\u00a0 \u2022\u00a0\u00a0 \u00a0 El joven tenor dijo que si bien agradece el reconocimiento, sigue sintiendo la presi\u00f3n que eso genera y al mismo tiempo, reafirma el compromiso que tiene con el p\u00fablico\u2028<\/p>\n","protected":false},"author":93,"featured_media":0,"comment_status":"open","ping_status":"open","sticky":false,"template":"","format":"standard","meta":{"footnotes":""},"categories":[41],"tags":[],"class_list":["post-77513","post","type-post","status-publish","format-standard","hentry","category-arteria-cultural"],"_links":{"self":[{"href":"https:\/\/plazajuarez.mx\/historico\/wp-json\/wp\/v2\/posts\/77513","targetHints":{"allow":["GET"]}}],"collection":[{"href":"https:\/\/plazajuarez.mx\/historico\/wp-json\/wp\/v2\/posts"}],"about":[{"href":"https:\/\/plazajuarez.mx\/historico\/wp-json\/wp\/v2\/types\/post"}],"author":[{"embeddable":true,"href":"https:\/\/plazajuarez.mx\/historico\/wp-json\/wp\/v2\/users\/93"}],"replies":[{"embeddable":true,"href":"https:\/\/plazajuarez.mx\/historico\/wp-json\/wp\/v2\/comments?post=77513"}],"version-history":[{"count":0,"href":"https:\/\/plazajuarez.mx\/historico\/wp-json\/wp\/v2\/posts\/77513\/revisions"}],"wp:attachment":[{"href":"https:\/\/plazajuarez.mx\/historico\/wp-json\/wp\/v2\/media?parent=77513"}],"wp:term":[{"taxonomy":"category","embeddable":true,"href":"https:\/\/plazajuarez.mx\/historico\/wp-json\/wp\/v2\/categories?post=77513"},{"taxonomy":"post_tag","embeddable":true,"href":"https:\/\/plazajuarez.mx\/historico\/wp-json\/wp\/v2\/tags?post=77513"}],"curies":[{"name":"wp","href":"https:\/\/api.w.org\/{rel}","templated":true}]}}