{"id":77305,"date":"2019-01-14T14:54:52","date_gmt":"2019-01-14T14:54:52","guid":{"rendered":"http:\/\/plazajuarez.mx\/index\/index.php\/2019\/01\/14\/durazo-la-guardia-y-el-gran-viraje\/"},"modified":"2019-01-14T14:54:52","modified_gmt":"2019-01-14T14:54:52","slug":"durazo-la-guardia-y-el-gran-viraje","status":"publish","type":"post","link":"https:\/\/plazajuarez.mx\/historico\/durazo-la-guardia-y-el-gran-viraje\/","title":{"rendered":"Durazo, la Guardia y el gran viraje"},"content":{"rendered":"<p>Retrato Hereje<\/p>\n<p>\u00a0\u00a0 \u00a0\u2022\u00a0\u00a0 \u00a0Los reportes disponibles sobre las reflexiones desarrolladas por L\u00f3pez Obrador indican que debi\u00f3 ceder ante su convicci\u00f3n inicial de que s\u00f3lo un cuerpo con la disciplina y la formaci\u00f3n que caracterizan a las Fuerzas Armadas\u2028<\/p>\n<p>  <!--more-->  <\/p>\n<p>Es pronto a\u00fan para narrar los detalles, pero el dram\u00e1tico cambio de criterio del presidente Andr\u00e9s Manuel L\u00f3pez Obrador sobre la Guardia Nacional s\u00f3lo puede entenderse como producto de la velocidad a la que el nuevo gobierno ha empezado a aprender c\u00f3mo evitarse pesadillas gigantescas.<br \/>El anuncio realizado este viernes por el secretario de Seguridad y Protecci\u00f3n Ciudadana, Alfonso Durazo, a escasos tres d\u00edas h\u00e1biles de que d\u00e9 inicio (este mi\u00e9rcoles) un periodo extraordinario convocado ex profeso en el Congreso federal, es m\u00e1s relevante si se considera que, en San L\u00e1zaro, Morena contaba ya con los votos necesarios para alcanzar los dos tercios que le hubieran permitido modificar la Constituci\u00f3n y as\u00ed allanar el camino para que la Guardia Nacional estuviera bajo el control de las Fuerzas Armadas.<br \/>El coordinador de Morena y tambi\u00e9n presidente de la Junta de Coordinaci\u00f3n Pol\u00edtica en la c\u00e1mara baja, Mario Delgado, estaba listo para cosechar los votos de los legisladores de su partido (256), m\u00e1s los de sus aliados (PES, 30 y PT, 28) y de su nueva agrupaci\u00f3n sat\u00e9lite, el Verde (11), con lo que sumar\u00eda 325. A ellos agregar\u00eda al menos la mitad de los 20 que tiene el PRD e incluso algunos del PRI. Ello ser\u00eda producto de las negociaciones presupuestales amarradas con gobernadores y alcaldes emanados de estas \u00faltimas agrupaciones partidistas, que hab\u00edan presionado con eficacia a sus bancadas parlamentarias.<br \/>La resistencia que impuso un cambio de \u00faltima hora tuvo otro car\u00e1cter, tanto en el equipo del pol\u00edtico tabasque\u00f1o como en diversos frentes nacionales y en un consistente, abrumador rechazo en el \u00e1mbito internacional, que anticipaba una desgastante tormenta sobre un gobierno que, en s\u00f3lo seis semanas de gesti\u00f3n, luce empantanado en su manejo de crisis por el nuevo aeropuerto de la Ciudad de M\u00e9xico y la guerra contra el huachicol. En ambos casos se enfrenta a grupos con mayor poder de lo previsto y que buscan no ser removidos de jugosos negocios.<br \/>Los reportes disponibles sobre las reflexiones desarrolladas por L\u00f3pez Obrador indican que debi\u00f3 ceder ante su convicci\u00f3n inicial de que s\u00f3lo un cuerpo con la disciplina y la formaci\u00f3n que caracterizan a las Fuerzas Armadas puede ser capaz de lograr el cambio ante instituciones policiales, federales y estatales, que califica como desorganizadas, politizadas, sin esp\u00edritu de cuerpo y fundamentalmente penetradas por el crimen organizado.<br \/>Desde la \u00e9poca de la campa\u00f1a surgieron variados testimonios de que el tabasque\u00f1o siempre ha estado impresionado por lo que considera el pundonor de las fuerzas militares, que estima imposible de reproducir en las corporaciones civiles, a lo que se agrega la resistencia de gobernadores y alcaldes que se oponen a un mando \u00fanico civil pero exigen la presencia de fuerzas militares para encarar el enorme desaf\u00edo de la inseguridad en sus estados, donde ellos lucen incompetentes, si no ap\u00e1ticos. Se trata de una de las mayores paradojas del federalismo mexicano.<br \/>En estas seis semanas no fueron pocas las voces al interior de su gabinete que alertaron que la Guardia Nacional bajo mando militar pod\u00eda ser una nave que naufragara al momento mismo de ser botada al mar. Entre esas voces se ubicaron las del citado Alfonso Durazo (cuya capacidad operativa iba ser disminuida casi a una fuerza simb\u00f3lica), y los titulares de Gobernaci\u00f3n, Olga S\u00e1nchez Cordero, y de Relaciones Exteriores, Marcelo Ebrard, junto con el consejero jur\u00eddico, Julio Scherer, y el subsecretario de Gobernaci\u00f3n, Alejandro Encinas.<br \/>Otro espacio turbador lo ofrec\u00eda la Corte, donde apenas unos meses atr\u00e1s sus integrantes hab\u00edan emitido una s\u00f3lida desautorizaci\u00f3n a la Ley de Seguridad Interior impulsada en la administraci\u00f3n Pe\u00f1a Nieto, bajo el activismo de altos mandos del ej\u00e9rcito, incluido el ex secretario de la Defensa, Salvador Cienfuegos.<br \/>Basta revisar la contundencia del voto del entonces ministro Jos\u00e9 Ram\u00f3n Coss\u00edo para imaginar las dimensiones que tendr\u00eda el sapo a tragar para sacar adelante la Guardia Nacional. \u00c9l estableci\u00f3 que, incluso, &#8220;al incorporar la disposici\u00f3n de las fuerzas armadas, la racionalidad de la Ley (de Seguridad Interior) se encuentra comprometida, su pretensi\u00f3n es inconstitucional (\u2026) Adem\u00e1s, considero que las sentencias de la Corte Interamericana que justifican alg\u00fan tipo de m\u00ednima intervenci\u00f3n por parte de las fuerzas armadas, no pueden ser la base para fundamentar la competencia de las mismas al interior del sistema constitucional mexicano (\u2026). Necesariamente se requiere de una declaraci\u00f3n de guerra o de suspensi\u00f3n de derechos&#8221;.<br \/>Otra referencia inquietante lo representaba la acci\u00f3n de inconstitucionalidad promovida en enero de 2018 por miembros del Senado, incluido el citado Alejandro Encinas.<br \/>Este mi\u00e9rcoles, al arrancar el periodo extraordinario del Congreso, Morena har\u00e1 malabares para introducir, bajo la forma de reservas en la votaci\u00f3n, todo un giro en este campo, para tener una nueva propuesta que no debemos perder de vista.<br \/>Correo: rockroberto@gmail.com<\/p>\n","protected":false},"excerpt":{"rendered":"<p>Retrato Hereje \u00a0\u00a0 \u00a0\u2022\u00a0\u00a0 \u00a0Los reportes disponibles sobre las reflexiones desarrolladas por L\u00f3pez Obrador indican que debi\u00f3 ceder ante su convicci\u00f3n inicial de que s\u00f3lo un cuerpo con la disciplina y la formaci\u00f3n que caracterizan a las Fuerzas Armadas\u2028<\/p>\n","protected":false},"author":93,"featured_media":0,"comment_status":"open","ping_status":"open","sticky":false,"template":"","format":"standard","meta":{"footnotes":""},"categories":[42],"tags":[],"class_list":["post-77305","post","type-post","status-publish","format-standard","hentry","category-nuestrapalabra"],"_links":{"self":[{"href":"https:\/\/plazajuarez.mx\/historico\/wp-json\/wp\/v2\/posts\/77305","targetHints":{"allow":["GET"]}}],"collection":[{"href":"https:\/\/plazajuarez.mx\/historico\/wp-json\/wp\/v2\/posts"}],"about":[{"href":"https:\/\/plazajuarez.mx\/historico\/wp-json\/wp\/v2\/types\/post"}],"author":[{"embeddable":true,"href":"https:\/\/plazajuarez.mx\/historico\/wp-json\/wp\/v2\/users\/93"}],"replies":[{"embeddable":true,"href":"https:\/\/plazajuarez.mx\/historico\/wp-json\/wp\/v2\/comments?post=77305"}],"version-history":[{"count":0,"href":"https:\/\/plazajuarez.mx\/historico\/wp-json\/wp\/v2\/posts\/77305\/revisions"}],"wp:attachment":[{"href":"https:\/\/plazajuarez.mx\/historico\/wp-json\/wp\/v2\/media?parent=77305"}],"wp:term":[{"taxonomy":"category","embeddable":true,"href":"https:\/\/plazajuarez.mx\/historico\/wp-json\/wp\/v2\/categories?post=77305"},{"taxonomy":"post_tag","embeddable":true,"href":"https:\/\/plazajuarez.mx\/historico\/wp-json\/wp\/v2\/tags?post=77305"}],"curies":[{"name":"wp","href":"https:\/\/api.w.org\/{rel}","templated":true}]}}