{"id":77303,"date":"2019-01-14T14:54:07","date_gmt":"2019-01-14T14:54:07","guid":{"rendered":"http:\/\/plazajuarez.mx\/index\/index.php\/2019\/01\/14\/inauguran-el-centro-de-documentacion-e-investigacion-judio-de-mexico\/"},"modified":"2019-01-14T14:54:07","modified_gmt":"2019-01-14T14:54:07","slug":"inauguran-el-centro-de-documentacion-e-investigacion-judio-de-mexico","status":"publish","type":"post","link":"https:\/\/plazajuarez.mx\/historico\/inauguran-el-centro-de-documentacion-e-investigacion-judio-de-mexico\/","title":{"rendered":"Inauguran el Centro de Documentaci\u00f3n e Investigaci\u00f3n Jud\u00edo de M\u00e9xico"},"content":{"rendered":"<p>Durante la apertura de la nueva sede de este recinto cultural acudieron miembros de la comunidad jud\u00eda y autoridades de la pol\u00edtica cultural<\/p>\n<p>  <!--more-->  <\/p>\n<p>Beatriz Guti\u00e9rrez M\u00fcller, presidenta honoraria de la Coordinaci\u00f3n de Memoria Hist\u00f3rica y Cultural de M\u00e9xico y esposa del presidente Andr\u00e9s Manuel L\u00f3pez Obrador, y Eduardo Villegas, coordinador de la Coordinaci\u00f3n de Memoria Hist\u00f3rica y Cultural de M\u00e9xico. Tambi\u00e9n acudi\u00f3 el escritor Paco Ignacio Taibo II a la inauguraci\u00f3n de la nueva sede del Centro de Documentaci\u00f3n e Investigaci\u00f3n Jud\u00edo de M\u00e9xico (CDIJUM).<br \/>Durante la apertura de la nueva sede de este recinto cultural acudieron miembros de la comunidad jud\u00eda y autoridades de la pol\u00edtica cultural.<br \/>Guti\u00e9rrez M\u00fcller asegur\u00f3 que se est\u00e1 trabajando para formalizar la Coordinaci\u00f3n de Memoria Hist\u00f3rica y Cultural de M\u00e9xico.<br \/>&#8220;Los planes son para que en abril o mayo ya est\u00e9 funcionando la plataforma con los primeros acervos, porque ya hay mucho trabajo realizado por instituciones p\u00fablicas y privadas, y s\u00f3lo hay que ver que est\u00e9n en condiciones \u00f3ptimas, con los niveles de calidad internacional que se requieren&#8221;, se\u00f1al\u00f3.<br \/>Dijo que &#8220;ojal\u00e1&#8221; se incorpore el Centro de Documentaci\u00f3n e Investigaci\u00f3n Jud\u00edo de M\u00e9xico a la Coordinaci\u00f3n: &#8220;Yo pienso que s\u00ed. Todo aquello que est\u00e1 libre de derechos de autor, es decir, transcurridos los 100 a\u00f1os de la muerte de un autor, es de dominio universal. Entonces creo que voluntariamente cualquier instituci\u00f3n debe ceder, como M\u00e9xico lo ha hecho en muchas ocasiones&#8221;.<br \/>Agradeci\u00f3 que el Centro de Documentaci\u00f3n abra sus puertas al p\u00fablico y que no sean &#8220;rigurosos&#8221; con los requisitos para consultar los archivos, y dijo que le da gusto que &#8220;se haga mucho trabajo de investigaci\u00f3n y que sea un espacio vivo&#8221;.<br \/>&#8220;El pueblo jud\u00edo es un ejemplo de resistencia, y aqu\u00ed han logrado hacer much\u00edsimas cosas sin ning\u00fan contratiempo. Siempre ser\u00e1n bienvenidos a una naci\u00f3n como \u00e9sta que les ha abierto sus puertas, donde han podido hacer una vida despu\u00e9s de muchos exilios&#8221;, concluy\u00f3 Guti\u00e9rrez M\u00fcller.<br \/>Por su lado, Eduardo Villegas afirm\u00f3 que pronto se conformar\u00e1 la Coordinaci\u00f3n y espera que para las pr\u00f3ximas semanas, quiz\u00e1 a finales de mes, se formalice.<br \/>&#8220;Esto ha implicado mucho trabajo, porque se requiere transformar el reglamento de presidencia o conseguir un edificio. A\u00fan no podemos decir cu\u00e1les son las acciones concretas porque estamos terminando de armar el plan de trabajo&#8221;, asegur\u00f3.<br \/>Luego agreg\u00f3: &#8220;Tenemos que ser cuidadosos de los equipos que conseguimos, del reglamento interno, las atribuciones y otras cosas, porque esta Coordinaci\u00f3n no va a pisarle los callos a nadie&#8221;.<br \/>No hay un dato preciso sobre cu\u00e1ntos archivos se han sumado a la Coordinaci\u00f3n, pero Villegas estima que &#8220;hablamos de millones&#8221; s\u00f3lo en el Archivo General de la Naci\u00f3n. Tambi\u00e9n ya han tratado con archivos particulares: &#8220;Se han acercado personas que nos quieren compartir archivos particulares, de parientes o de tal periodista, y entonces quieren sumarse al proyecto, pero a\u00fan no hay cifras&#8221;.<\/p>\n","protected":false},"excerpt":{"rendered":"<p>Durante la apertura de la nueva sede de este recinto cultural acudieron miembros de la comunidad jud\u00eda y autoridades de la pol\u00edtica cultural<\/p>\n","protected":false},"author":93,"featured_media":0,"comment_status":"open","ping_status":"open","sticky":false,"template":"","format":"standard","meta":{"footnotes":""},"categories":[41],"tags":[],"class_list":["post-77303","post","type-post","status-publish","format-standard","hentry","category-arteria-cultural"],"_links":{"self":[{"href":"https:\/\/plazajuarez.mx\/historico\/wp-json\/wp\/v2\/posts\/77303","targetHints":{"allow":["GET"]}}],"collection":[{"href":"https:\/\/plazajuarez.mx\/historico\/wp-json\/wp\/v2\/posts"}],"about":[{"href":"https:\/\/plazajuarez.mx\/historico\/wp-json\/wp\/v2\/types\/post"}],"author":[{"embeddable":true,"href":"https:\/\/plazajuarez.mx\/historico\/wp-json\/wp\/v2\/users\/93"}],"replies":[{"embeddable":true,"href":"https:\/\/plazajuarez.mx\/historico\/wp-json\/wp\/v2\/comments?post=77303"}],"version-history":[{"count":0,"href":"https:\/\/plazajuarez.mx\/historico\/wp-json\/wp\/v2\/posts\/77303\/revisions"}],"wp:attachment":[{"href":"https:\/\/plazajuarez.mx\/historico\/wp-json\/wp\/v2\/media?parent=77303"}],"wp:term":[{"taxonomy":"category","embeddable":true,"href":"https:\/\/plazajuarez.mx\/historico\/wp-json\/wp\/v2\/categories?post=77303"},{"taxonomy":"post_tag","embeddable":true,"href":"https:\/\/plazajuarez.mx\/historico\/wp-json\/wp\/v2\/tags?post=77303"}],"curies":[{"name":"wp","href":"https:\/\/api.w.org\/{rel}","templated":true}]}}