{"id":77300,"date":"2019-01-14T14:53:55","date_gmt":"2019-01-14T14:53:55","guid":{"rendered":"http:\/\/plazajuarez.mx\/index\/index.php\/2019\/01\/14\/ines-gomez-mont-y-galilea-montijo-ya-son-comadres\/"},"modified":"2019-01-14T14:53:55","modified_gmt":"2019-01-14T14:53:55","slug":"ines-gomez-mont-y-galilea-montijo-ya-son-comadres","status":"publish","type":"post","link":"https:\/\/plazajuarez.mx\/historico\/ines-gomez-mont-y-galilea-montijo-ya-son-comadres\/","title":{"rendered":"In\u00e9s G\u00f3mez Mont y Galilea Montijo ya son comadres"},"content":{"rendered":"<p>La conductora de &#8220;Hoy&#8221; se convirti\u00f3 en la madrina de bautizo de Mar\u00eda, hija menor de la Mont<\/p>\n<p>  <!--more-->  <\/p>\n<p>Las grandes amistades siempre se sellan en alg\u00fan evento importante y ahora In\u00e9s G\u00f3mez Mont y Galilea Montijo sellaron la suya, luego de que la conductora de &#8220;Hoy&#8221; se convirtiera en la madrina de bautizo de Mar\u00eda, hija menor de la primera.<br \/>As\u00ed lo dio a conocer Montijo, luego de que subiera un par de fotograf\u00edas en su cuenta de Instagram, donde se le ve muy contenta y abrazada por su ahora comadrita, quien luce una sonrisa de oreja a oreja.<br \/>Las reacciones fueron inmediatas, ya que registr\u00f3 cientos de comentarios, entre piropos para las dos y felicitaciones, as\u00ed como tambi\u00e9n m\u00e1s de 114 mil me gusta.<br \/>&#8220;Guap\u00edsmas&#8221;, &#8220;Las amo&#8221;, &#8220;Guap\u00edsma la madrina&#8221;, &#8220;Las comadres m\u00e1s hermosas del mundo&#8221;, entre otro m\u00e1s comentarios.<br \/>Al parecer, el festejo estuvo en grande, ya que no s\u00f3lo Gali fue una de las famosas que tuvieron la oportunidad de convivir este d\u00eda tan especial con la familia de In\u00e9s, sino que tambi\u00e9n estuvo compartiendo la sal y la pimienta con las presentadoras de televisi\u00f3n Maggie Hegyi y Anette Cuburu.<\/p>\n","protected":false},"excerpt":{"rendered":"<p>La conductora de &#8220;Hoy&#8221; se convirti\u00f3 en la madrina de bautizo de Mar\u00eda, hija menor de la Mont<\/p>\n","protected":false},"author":93,"featured_media":0,"comment_status":"open","ping_status":"open","sticky":false,"template":"","format":"standard","meta":{"footnotes":""},"categories":[38],"tags":[],"class_list":["post-77300","post","type-post","status-publish","format-standard","hentry","category-show"],"_links":{"self":[{"href":"https:\/\/plazajuarez.mx\/historico\/wp-json\/wp\/v2\/posts\/77300","targetHints":{"allow":["GET"]}}],"collection":[{"href":"https:\/\/plazajuarez.mx\/historico\/wp-json\/wp\/v2\/posts"}],"about":[{"href":"https:\/\/plazajuarez.mx\/historico\/wp-json\/wp\/v2\/types\/post"}],"author":[{"embeddable":true,"href":"https:\/\/plazajuarez.mx\/historico\/wp-json\/wp\/v2\/users\/93"}],"replies":[{"embeddable":true,"href":"https:\/\/plazajuarez.mx\/historico\/wp-json\/wp\/v2\/comments?post=77300"}],"version-history":[{"count":0,"href":"https:\/\/plazajuarez.mx\/historico\/wp-json\/wp\/v2\/posts\/77300\/revisions"}],"wp:attachment":[{"href":"https:\/\/plazajuarez.mx\/historico\/wp-json\/wp\/v2\/media?parent=77300"}],"wp:term":[{"taxonomy":"category","embeddable":true,"href":"https:\/\/plazajuarez.mx\/historico\/wp-json\/wp\/v2\/categories?post=77300"},{"taxonomy":"post_tag","embeddable":true,"href":"https:\/\/plazajuarez.mx\/historico\/wp-json\/wp\/v2\/tags?post=77300"}],"curies":[{"name":"wp","href":"https:\/\/api.w.org\/{rel}","templated":true}]}}