{"id":77295,"date":"2019-01-14T14:53:44","date_gmt":"2019-01-14T14:53:44","guid":{"rendered":"http:\/\/plazajuarez.mx\/index\/index.php\/2019\/01\/14\/lo-ejecutan-de-un-balazo-la-policia-ya-investiga\/"},"modified":"2019-01-14T14:53:44","modified_gmt":"2019-01-14T14:53:44","slug":"lo-ejecutan-de-un-balazo-la-policia-ya-investiga","status":"publish","type":"post","link":"https:\/\/plazajuarez.mx\/historico\/lo-ejecutan-de-un-balazo-la-policia-ya-investiga\/","title":{"rendered":"LO EJECUTAN DE UN BALAZO; LA POLIC\u00cdA YA INVESTIGA"},"content":{"rendered":"<p>EN TLAXCOAPAN<\/p>\n<p>  <!--more-->  <\/p>\n<p>Se detall\u00f3 que la Procuradur\u00eda General de Justicia del Estado de Hidalgo recibi\u00f3 reporte sobre un cad\u00e1ver que se localiz\u00f3 y por ello el personal de la dependencia acudi\u00f3 a la escena del crimen para dar fe de lo acontecido<br \/>Una fuerte movilizaci\u00f3n policial gener\u00f3 la presunta ejecuci\u00f3n de un hombre que cay\u00f3 abatido de un balazo en una comunidad del municipio de Tlaxcoapan y de ello se alert\u00f3 al 911 de Emergencias, por lo que se asegura que ya se realizan las investigaciones para esclarecer el crimen.<br \/>La informaci\u00f3n que se dio al respecto indica que el hecho que seg\u00f3 una vida humana tuvo lugar en la comunidad de Teltipan, perteneciente al municipio antes descrito.<br \/>De ello de manera oficial se detall\u00f3 que la Procuradur\u00eda General de Justicia del Estado de Hidalgo recibi\u00f3 el reporte sobre un cad\u00e1ver que se localiz\u00f3 y por ello el personal de la dependencia acudi\u00f3 a la escena del crimen para dar fe de lo acontecido.<br \/>En el lugar se tuvo a la vista el cuerpo sin vida del infortunado, mismo que present\u00f3 una herida en la cabeza, producida por impacto de proyectil de arma de fuego.<br \/>Se inform\u00f3 que hasta el momento el cad\u00e1ver permanece sin ser identificado oficialmente.<br \/>Adem\u00e1s la autoridad detall\u00f3 que el cuerpo que se localiz\u00f3 con impactos de arma de fuego, corresponde a un masculino de entre 35 y 40 a\u00f1os de edad aproximadamente y fue el Ministerio P\u00fablico el que inici\u00f3 la carpeta de investigaci\u00f3n.<\/p>\n","protected":false},"excerpt":{"rendered":"<p>EN TLAXCOAPAN<\/p>\n","protected":false},"author":93,"featured_media":0,"comment_status":"open","ping_status":"open","sticky":false,"template":"","format":"standard","meta":{"footnotes":""},"categories":[37],"tags":[],"class_list":["post-77295","post","type-post","status-publish","format-standard","hentry","category-barandilla"],"_links":{"self":[{"href":"https:\/\/plazajuarez.mx\/historico\/wp-json\/wp\/v2\/posts\/77295","targetHints":{"allow":["GET"]}}],"collection":[{"href":"https:\/\/plazajuarez.mx\/historico\/wp-json\/wp\/v2\/posts"}],"about":[{"href":"https:\/\/plazajuarez.mx\/historico\/wp-json\/wp\/v2\/types\/post"}],"author":[{"embeddable":true,"href":"https:\/\/plazajuarez.mx\/historico\/wp-json\/wp\/v2\/users\/93"}],"replies":[{"embeddable":true,"href":"https:\/\/plazajuarez.mx\/historico\/wp-json\/wp\/v2\/comments?post=77295"}],"version-history":[{"count":0,"href":"https:\/\/plazajuarez.mx\/historico\/wp-json\/wp\/v2\/posts\/77295\/revisions"}],"wp:attachment":[{"href":"https:\/\/plazajuarez.mx\/historico\/wp-json\/wp\/v2\/media?parent=77295"}],"wp:term":[{"taxonomy":"category","embeddable":true,"href":"https:\/\/plazajuarez.mx\/historico\/wp-json\/wp\/v2\/categories?post=77295"},{"taxonomy":"post_tag","embeddable":true,"href":"https:\/\/plazajuarez.mx\/historico\/wp-json\/wp\/v2\/tags?post=77295"}],"curies":[{"name":"wp","href":"https:\/\/api.w.org\/{rel}","templated":true}]}}