{"id":76938,"date":"2019-01-07T11:47:37","date_gmt":"2019-01-07T11:47:37","guid":{"rendered":"http:\/\/plazajuarez.mx\/index\/index.php\/2019\/01\/07\/itati-espera-un-atractivo-2019\/"},"modified":"2019-01-07T11:47:37","modified_gmt":"2019-01-07T11:47:37","slug":"itati-espera-un-atractivo-2019","status":"publish","type":"post","link":"https:\/\/plazajuarez.mx\/historico\/itati-espera-un-atractivo-2019\/","title":{"rendered":"Itat\u00ed espera un atractivo 2019"},"content":{"rendered":"<p>La actriz dice estar feliz de haber trabajado con Martha Higareda y Omar Chaparro en la pel\u00edcula &#8220;No manches Frida 2&#8221;<\/p>\n<p>  <!--more-->  <\/p>\n<p>Los actores, Itat\u00ed Cantoral, Juan Diego Covarrubias, Fabiola Guajardo y Nuria Loya cierran el a\u00f1o con m\u00e1s de 30 funciones de la versi\u00f3n teatral de &#8220;Atracci\u00f3n fatal&#8221;, pel\u00edcula de 1988, protagonizada por Michael Douglas.<br \/>La obra, estrenada el mes pasado en el teatro L\u00f3pez Tarso, trata de infidelidad, obsesi\u00f3n y venganza; pero tambi\u00e9n ha llamado la atenci\u00f3n por el desnudo completo que la protagonista Itat\u00ed Cantoral realiza funci\u00f3n tras funci\u00f3n. En entrevista para EL UNIVERSAL, la actriz habl\u00f3 al respecto y tambi\u00e9n sobre sus proyectos.<br \/>El desnudo que realizas ha sido muy comentado. \u00bfC\u00f3mo te sientes y qu\u00e9 opinan tus hijos?<br \/>No pienso en eso, si no, no lo hago&#8230; est\u00e1 muy bien cuidado y la obra lo requiere. Sobre mis hijos, ellos me apoyan en todo; habl\u00e9 con ellos y me dijeron: &#8216;mam\u00e1 hazlo&#8217;. Es la tercera vez que ven la obra y les encanta.<br \/>\u00bfCu\u00e1les son tus prop\u00f3sitos para el siguiente a\u00f1o?<br \/>Tengo varios proyectos, compromisos teatrales y la serie de la se\u00f1ora Silvia Pinal, que me emociona much\u00edsimo. Es una de las grandes oportunidades de mi carrera, conocer a Silvia \u00edntimamente es de las cosas m\u00e1s gratificantes que me han pasado en la vida, ella es una de las personas que de ni\u00f1a me movieron para ser actriz, es un \u00edcono.<br \/>\u00bfQu\u00e9 esperas de tu carrera en el cine para 2019?<br \/>Estoy feliz de haber trabajado con Martha Higareda y Omar Chaparro en la pel\u00edcula &#8220;No manches Frida 2&#8221;. El estreno me emociona porque es importante llegar a ese p\u00fablico que en Estados Unidos nos quiere ver en el cine y para el que a muchos se les ha olvidado escribir. Martha ha hecho un gran trabajo con eso.<br \/>\u00bfY qu\u00e9 esperas en el sexenio?<br \/>Tengo todas las expectativas, toda la fe de que juntos salgamos adelante y tengamos un M\u00e9xico mejor para el pr\u00f3ximo a\u00f1o. Si tuviera la oportunidad de hablar con el presidente pedir\u00eda por la seguridad, por la seguridad en el lugar en donde viven mis hijos.<br \/>El dilema de Covarrubias<br \/>El actor de 31 a\u00f1os, Juan Diego Covarrubias tambi\u00e9n habl\u00f3 de su personaje Dan Gallagher y sus proyectos.<br \/>\u00bfQu\u00e9 has aprendido de tu participaci\u00f3n en &#8220;Atracci\u00f3n fatal&#8221;?<br \/>Ha sido un reto desde los ensayos, que fueron a marcha forzada. Pero verlo, escuchar los comentarios y las buenas cr\u00edticas vale la pena. A mi personaje (que comete una infidelidad) no lo juzgo, a cualquiera le puede pasar, pero creo que debes aprender a tomar decisiones. Esta obra es un mensaje tanto para mujeres como para hombres: ir por buen camino.<br \/>\u00bfC\u00f3mo es trabajar con Itat\u00ed?<br \/>Es una excelente actriz que en cada funci\u00f3n me reta a hacerlo mejor, es intuitiva, le encanta improvisar y de eso se aprende mucho.<br \/>\u00bfQu\u00e9 planes tienes para el futuro en televisi\u00f3n?<br \/>Adem\u00e1s de la telenovela &#8220;Mi marido tiene m\u00e1s familia&#8221;, haremos una segunda temporada de la serie de comedia Renta congelada, que se estrenar\u00e1 en abril.<br \/>\u00bfCu\u00e1les son tus deseos para M\u00e9xico en este nuevo sexenio?<br \/>Yo no tengo deseos en espec\u00edfico para 2019, lo que vaya surgiendo ser\u00e1 bien recibido. Pero de coraz\u00f3n espero que nuestro presidente vea por su gente, quiero que sea un presidente para todos y no s\u00f3lo para unos pocos, sobre todo por la seguridad. Y tambi\u00e9n estoy convencido de que el apoyo a la cultura y a los artistas es necesario para avanzar.<br \/>Historia<br \/>&#8220;Atracci\u00f3n fatal&#8221; habla sobre c\u00f3mo el matrimonio de Dan Gallagher (Covarrubias) se trastoca cuando conoce a Alex (Cantoral) en un bar y lo que comienza como una aventura extramarital de fin de semana, termina como una pesadilla de hostigamiento, obsesi\u00f3n y venganza.<br \/>La puesta en escena, dirigida por Antonio Castro, se presenta hasta el 2 de febrero de 2019.<\/p>\n","protected":false},"excerpt":{"rendered":"<p>La actriz dice estar feliz de haber trabajado con Martha Higareda y Omar Chaparro en la pel\u00edcula &#8220;No manches Frida 2&#8221;<\/p>\n","protected":false},"author":93,"featured_media":0,"comment_status":"open","ping_status":"open","sticky":false,"template":"","format":"standard","meta":{"footnotes":""},"categories":[38],"tags":[],"class_list":["post-76938","post","type-post","status-publish","format-standard","hentry","category-show"],"_links":{"self":[{"href":"https:\/\/plazajuarez.mx\/historico\/wp-json\/wp\/v2\/posts\/76938","targetHints":{"allow":["GET"]}}],"collection":[{"href":"https:\/\/plazajuarez.mx\/historico\/wp-json\/wp\/v2\/posts"}],"about":[{"href":"https:\/\/plazajuarez.mx\/historico\/wp-json\/wp\/v2\/types\/post"}],"author":[{"embeddable":true,"href":"https:\/\/plazajuarez.mx\/historico\/wp-json\/wp\/v2\/users\/93"}],"replies":[{"embeddable":true,"href":"https:\/\/plazajuarez.mx\/historico\/wp-json\/wp\/v2\/comments?post=76938"}],"version-history":[{"count":0,"href":"https:\/\/plazajuarez.mx\/historico\/wp-json\/wp\/v2\/posts\/76938\/revisions"}],"wp:attachment":[{"href":"https:\/\/plazajuarez.mx\/historico\/wp-json\/wp\/v2\/media?parent=76938"}],"wp:term":[{"taxonomy":"category","embeddable":true,"href":"https:\/\/plazajuarez.mx\/historico\/wp-json\/wp\/v2\/categories?post=76938"},{"taxonomy":"post_tag","embeddable":true,"href":"https:\/\/plazajuarez.mx\/historico\/wp-json\/wp\/v2\/tags?post=76938"}],"curies":[{"name":"wp","href":"https:\/\/api.w.org\/{rel}","templated":true}]}}