{"id":76937,"date":"2019-01-07T11:47:18","date_gmt":"2019-01-07T11:47:18","guid":{"rendered":"http:\/\/plazajuarez.mx\/index\/index.php\/2019\/01\/07\/palazuelos-comparte-foto-con-diego-boneta\/"},"modified":"2019-01-07T11:47:18","modified_gmt":"2019-01-07T11:47:18","slug":"palazuelos-comparte-foto-con-diego-boneta","status":"publish","type":"post","link":"https:\/\/plazajuarez.mx\/historico\/palazuelos-comparte-foto-con-diego-boneta\/","title":{"rendered":"Palazuelos comparte foto con Diego Boneta"},"content":{"rendered":"<p>La imagen ha superado los 17 mil Me Gusta y cuenta con decenas de comentarios en los que hacen referencias a las series de Luis Miguel<\/p>\n<p>  <!--more-->  <\/p>\n<p>La serie sobre Luis Miguel dej\u00f3 varias sorpresas el a\u00f1o pasado y una de esas fue su relaci\u00f3n con Roberto Palazuelos. En d\u00edas recientes, el &#8220;Diamante negro&#8221; comparti\u00f3 a trav\u00e9s de su cuenta de Instagram una fotograf\u00eda al lado de Diego Boneta, quien dio vida a &#8220;El Sol&#8221; en el programa de Netflix. <br \/>Las estrellas posaron al lado de cuatro mujeres en el complejo Ahau Tulum, !en los cuernos de la luna con mucho turismo&#8221;. <br \/>En la fotograf\u00eda Palazuelos sostiene una bebida y apunta a la c\u00e1mara, mientras Boneta est\u00e1 en medio de las j\u00f3venes. <br \/>La imagen ha superado los 17 mil Me Gusta y cuenta con decenas de comentarios en los que hacen referencias a las series de Luis Miguel.<br \/>Hace unos meses, el empresario Rafael Herrer\u00edas asegur\u00f3 que Roberto Palazuelos no es amigo de Luis Miguel porque si as\u00ed lo fuera convivir\u00eda con \u00e9l. <\/p>\n","protected":false},"excerpt":{"rendered":"<p>La imagen ha superado los 17 mil Me Gusta y cuenta con decenas de comentarios en los que hacen referencias a las series de Luis Miguel<\/p>\n","protected":false},"author":93,"featured_media":0,"comment_status":"open","ping_status":"open","sticky":false,"template":"","format":"standard","meta":{"footnotes":""},"categories":[38],"tags":[],"class_list":["post-76937","post","type-post","status-publish","format-standard","hentry","category-show"],"_links":{"self":[{"href":"https:\/\/plazajuarez.mx\/historico\/wp-json\/wp\/v2\/posts\/76937","targetHints":{"allow":["GET"]}}],"collection":[{"href":"https:\/\/plazajuarez.mx\/historico\/wp-json\/wp\/v2\/posts"}],"about":[{"href":"https:\/\/plazajuarez.mx\/historico\/wp-json\/wp\/v2\/types\/post"}],"author":[{"embeddable":true,"href":"https:\/\/plazajuarez.mx\/historico\/wp-json\/wp\/v2\/users\/93"}],"replies":[{"embeddable":true,"href":"https:\/\/plazajuarez.mx\/historico\/wp-json\/wp\/v2\/comments?post=76937"}],"version-history":[{"count":0,"href":"https:\/\/plazajuarez.mx\/historico\/wp-json\/wp\/v2\/posts\/76937\/revisions"}],"wp:attachment":[{"href":"https:\/\/plazajuarez.mx\/historico\/wp-json\/wp\/v2\/media?parent=76937"}],"wp:term":[{"taxonomy":"category","embeddable":true,"href":"https:\/\/plazajuarez.mx\/historico\/wp-json\/wp\/v2\/categories?post=76937"},{"taxonomy":"post_tag","embeddable":true,"href":"https:\/\/plazajuarez.mx\/historico\/wp-json\/wp\/v2\/tags?post=76937"}],"curies":[{"name":"wp","href":"https:\/\/api.w.org\/{rel}","templated":true}]}}