{"id":76936,"date":"2019-01-07T11:47:00","date_gmt":"2019-01-07T11:47:00","guid":{"rendered":"http:\/\/plazajuarez.mx\/index\/index.php\/2019\/01\/07\/le-hacen-el-feo-a-maribel-guardia\/"},"modified":"2019-01-07T11:47:00","modified_gmt":"2019-01-07T11:47:00","slug":"le-hacen-el-feo-a-maribel-guardia","status":"publish","type":"post","link":"https:\/\/plazajuarez.mx\/historico\/le-hacen-el-feo-a-maribel-guardia\/","title":{"rendered":"Le hacen el &#8220;feo&#8221; a Maribel Guardia"},"content":{"rendered":"<p>Paris Hilton pidi\u00f3 que la sacaran de un fiesta exclusiva, pues se ve\u00eda &#8220;corrientita&#8221;<\/p>\n<p>  <!--more-->  <\/p>\n<p>El especialista en cambio de imagen, Daniel Urquiza, conocido en el mundo de las extensiones, revel\u00f3 un momento inc\u00f3modo para Maribel Guardia, de quien dijo, lleg\u00f3 a una fiesta exclusiva donde estaba Paris Hilton, pero la celebrity al verla pidi\u00f3 que la sacaran, pues se ve\u00eda &#8220;corrientita&#8221;.<br \/>&#8220;Era una fiesta donde ten\u00eda de invitada a Paris Hilton y no hab\u00eda invitado a ninguna celebridad de M\u00e9xico, pero llegaron de \u2018colaciones\u2019 (coladas) M\u2019Balia. Luego, me llamaron para decirme que hab\u00eda llegado Maribel.<br \/>&#8220;Ella andaba de payasa, de que no se quer\u00eda tomar foto, pues resulta que voltea Paris Hilton y se pone un sustazo (sic). De hecho, la seguridad de Paris la quer\u00eda sacar de lo \u2018corrientita\u2019 que se ve\u00eda&#8221;, dijo Urquiza en su canal de YouTube.<br \/>Urquiza tambi\u00e9n hizo comentarios ir\u00f3nicos para el trabajo que hicieron con \u00e9l otras famosas como Rebeca de Alba, Vielka Valenzuela y Carmen Mu\u00f1oz, del programa &#8220;Enamor\u00e1ndonos&#8221;. <\/p>\n","protected":false},"excerpt":{"rendered":"<p>Paris Hilton pidi\u00f3 que la sacaran de un fiesta exclusiva, pues se ve\u00eda &#8220;corrientita&#8221;<\/p>\n","protected":false},"author":93,"featured_media":0,"comment_status":"open","ping_status":"open","sticky":false,"template":"","format":"standard","meta":{"footnotes":""},"categories":[38],"tags":[],"class_list":["post-76936","post","type-post","status-publish","format-standard","hentry","category-show"],"_links":{"self":[{"href":"https:\/\/plazajuarez.mx\/historico\/wp-json\/wp\/v2\/posts\/76936","targetHints":{"allow":["GET"]}}],"collection":[{"href":"https:\/\/plazajuarez.mx\/historico\/wp-json\/wp\/v2\/posts"}],"about":[{"href":"https:\/\/plazajuarez.mx\/historico\/wp-json\/wp\/v2\/types\/post"}],"author":[{"embeddable":true,"href":"https:\/\/plazajuarez.mx\/historico\/wp-json\/wp\/v2\/users\/93"}],"replies":[{"embeddable":true,"href":"https:\/\/plazajuarez.mx\/historico\/wp-json\/wp\/v2\/comments?post=76936"}],"version-history":[{"count":0,"href":"https:\/\/plazajuarez.mx\/historico\/wp-json\/wp\/v2\/posts\/76936\/revisions"}],"wp:attachment":[{"href":"https:\/\/plazajuarez.mx\/historico\/wp-json\/wp\/v2\/media?parent=76936"}],"wp:term":[{"taxonomy":"category","embeddable":true,"href":"https:\/\/plazajuarez.mx\/historico\/wp-json\/wp\/v2\/categories?post=76936"},{"taxonomy":"post_tag","embeddable":true,"href":"https:\/\/plazajuarez.mx\/historico\/wp-json\/wp\/v2\/tags?post=76936"}],"curies":[{"name":"wp","href":"https:\/\/api.w.org\/{rel}","templated":true}]}}