{"id":75812,"date":"2018-12-14T15:20:41","date_gmt":"2018-12-14T15:20:41","guid":{"rendered":"http:\/\/plazajuarez.mx\/index\/index.php\/2018\/12\/14\/mascarillas-caseras-para-eliminar-las-ojeras-en-un-dia\/"},"modified":"2018-12-14T15:20:41","modified_gmt":"2018-12-14T15:20:41","slug":"mascarillas-caseras-para-eliminar-las-ojeras-en-un-dia","status":"publish","type":"post","link":"https:\/\/plazajuarez.mx\/historico\/mascarillas-caseras-para-eliminar-las-ojeras-en-un-dia\/","title":{"rendered":"Mascarillas caseras para eliminar las ojeras en un d\u00eda"},"content":{"rendered":"<p>Las ojeras tienen por origen la falta de sue\u00f1o o el cansancio f\u00edsico y emocional; situaci\u00f3n que hace que los vasos sangu\u00edneos de la zona se dilaten mostrando un color m\u00e1s oscuro. La gen\u00e9tica, el estr\u00e9s y la ansiedad tambi\u00e9n pueden motivar su aparici\u00f3n\u201d, as\u00ed lo describen expertos de la Cl\u00ednica Baviera.<\/p>\n<p>  <!--more-->  <\/p>\n<p>Mascarillas para las ojeras y bolsas<br \/>\u00a0<\/p>\n<p>Mascarilla # 1<br \/>\u00a0<\/p>\n<p>Ingredientes<\/p>\n<p>\u00a0<\/p>\n<p>\u00bc \u00a0de papa mediana <\/p>\n<p>\u00bc de pepino<\/p>\n<p>\u00bd c\u00e1psula de vitamina E<\/p>\n<p>\u00a0<\/p>\n<p>Preparaci\u00f3n<\/p>\n<p>\u00a0<\/p>\n<p>En una olla, coloca todas las verduras previamente peladas, y deja cocer durante 10 minutos a fuego lento. Retira, tritura y agrega la vitamina E hasta formar una pasta, la cual deber\u00e1s colocar sobre las ojeras y dejar reposar por 15 minutos. Retira con agua fr\u00eda.<\/p>\n<p>Mascarilla # 2<br \/>\u00a0<\/p>\n<p>Ingredientes<\/p>\n<p>\u00a0<\/p>\n<p>\u00bd manzana mediana<\/p>\n<p>1 cucharada de aceite de oliva<\/p>\n<p>\u00a0<\/p>\n<p>Modo de uso<\/p>\n<p>\u00a0<\/p>\n<p>Pon a cocer la manzana, posteriormente hazla pur\u00e9 y mezcla el aceite. Aplica sobre el contorno de los ojos; cubre con un pa\u00f1o h\u00famedo y deja reposar por 30 minutos. Enjuaga con agua tibia e hidrata.<\/p>\n<p>Mascarilla # 3<br \/>\u00a0<\/p>\n<p>Ingredientes<\/p>\n<p>\u00a0<\/p>\n<p>1 bolsa de t\u00e9 de manzanilla<\/p>\n<p>\u00bc de taza de agua caliente<\/p>\n<p>1 cucharada de yogur<\/p>\n<p>\u00a0<\/p>\n<p>Preparaci\u00f3n<\/p>\n<p>\u00a0<\/p>\n<p>Sumerge la bolsita de t\u00e9 en agua caliente y deja reposar hasta que se enfr\u00ede. A\u00f1ade el yogur y revuelve hasta que se forme una masa homog\u00e9nea. Deja actuar por 20 minutos y retira con agua.<\/p>\n<p>\u00a0<\/p>\n<p>Desde el primer d\u00eda ver\u00e1s que las ojeras disminuyen y tu rostro lucir\u00e1 radiante.<\/p>\n","protected":false},"excerpt":{"rendered":"<p>Las ojeras tienen por origen la falta de sue\u00f1o o el cansancio f\u00edsico y emocional; situaci\u00f3n que hace que los vasos sangu\u00edneos de la zona se dilaten mostrando un color m\u00e1s oscuro. La gen\u00e9tica, el estr\u00e9s y la ansiedad tambi\u00e9n pueden motivar su aparici\u00f3n\u201d, as\u00ed lo describen expertos de la Cl\u00ednica Baviera.<\/p>\n","protected":false},"author":93,"featured_media":0,"comment_status":"open","ping_status":"open","sticky":false,"template":"","format":"standard","meta":{"footnotes":""},"categories":[61],"tags":[],"class_list":["post-75812","post","type-post","status-publish","format-standard","hentry","category-salud"],"_links":{"self":[{"href":"https:\/\/plazajuarez.mx\/historico\/wp-json\/wp\/v2\/posts\/75812","targetHints":{"allow":["GET"]}}],"collection":[{"href":"https:\/\/plazajuarez.mx\/historico\/wp-json\/wp\/v2\/posts"}],"about":[{"href":"https:\/\/plazajuarez.mx\/historico\/wp-json\/wp\/v2\/types\/post"}],"author":[{"embeddable":true,"href":"https:\/\/plazajuarez.mx\/historico\/wp-json\/wp\/v2\/users\/93"}],"replies":[{"embeddable":true,"href":"https:\/\/plazajuarez.mx\/historico\/wp-json\/wp\/v2\/comments?post=75812"}],"version-history":[{"count":0,"href":"https:\/\/plazajuarez.mx\/historico\/wp-json\/wp\/v2\/posts\/75812\/revisions"}],"wp:attachment":[{"href":"https:\/\/plazajuarez.mx\/historico\/wp-json\/wp\/v2\/media?parent=75812"}],"wp:term":[{"taxonomy":"category","embeddable":true,"href":"https:\/\/plazajuarez.mx\/historico\/wp-json\/wp\/v2\/categories?post=75812"},{"taxonomy":"post_tag","embeddable":true,"href":"https:\/\/plazajuarez.mx\/historico\/wp-json\/wp\/v2\/tags?post=75812"}],"curies":[{"name":"wp","href":"https:\/\/api.w.org\/{rel}","templated":true}]}}