{"id":75127,"date":"2018-12-03T05:40:01","date_gmt":"2018-12-03T05:40:01","guid":{"rendered":"http:\/\/plazajuarez.mx\/index\/index.php\/2018\/12\/03\/amlo-la-ruptura-anunciada\/"},"modified":"2018-12-03T05:40:01","modified_gmt":"2018-12-03T05:40:01","slug":"amlo-la-ruptura-anunciada","status":"publish","type":"post","link":"https:\/\/plazajuarez.mx\/historico\/amlo-la-ruptura-anunciada\/","title":{"rendered":"AMLO: la ruptura anunciada"},"content":{"rendered":"<p>Retrato Hereje<\/p>\n<p>\u00a0\u00a0 \u00a0\u2022\u00a0\u00a0 \u00a0No debe haber duda de que este s\u00e1bado arranc\u00f3 una convulsi\u00f3n del sistema pol\u00edtico mexicano, el quiebre de un r\u00e9gimen que, durante una centuria, logr\u00f3, para bien o para mal, dar paso a generaciones sucesivas de una clase gobernante con la capacidad de generar acuerdos internos, asimilar a la disidencia e incluso absorber a los contrarios en torno a intereses comunes\u2028<\/p>\n<p>  <!--more-->  <\/p>\n<p>Una jornada larga, intensa, tumultuosa, por momentos predecible, marc\u00f3 ayer el primer d\u00eda de actividades para un gobierno que exhibi\u00f3 la terca consistencia en las fijaciones, los prop\u00f3sitos, incluso las frases hechas del ahora presidente Andr\u00e9s Manuel L\u00f3pez Obrador, erigido como un mandatario con cuotas de poder personal\u00edsimas no conocidas en la etapa moderna del pa\u00eds.<br \/>Quien antier se haya llamado a sorpresa ante las admoniciones del nuevo presidente acusar\u00e1 falta de lecturas sobre pronunciamientos hechos por el pol\u00edtico tabasque\u00f1o, que hace 35 a\u00f1os, como novel l\u00edder del PRI en Tabasco \u2014antes de encaminarse a ser el l\u00edder opositor m\u00e1s importante del \u00faltimo siglo\u2014, hablaba ya de la &#8220;mezcolanza&#8221; entre el poder pol\u00edtico y el poder econ\u00f3mico.<br \/>Es el mismo que hace d\u00e9cadas decidi\u00f3 convivir con las comunidades ind\u00edgenas, al grado de habitar con su familia un jacal de guano y palma, con choles y chontales como vecinos. El que en 2005, cuando enfrent\u00f3 un juicio de desafuero en la misma tribuna de San L\u00e1zaro, llamaba ya a combatir a las minor\u00edas rapaces.<br \/>No debe haber duda de que este s\u00e1bado arranc\u00f3 una convulsi\u00f3n del sistema pol\u00edtico mexicano, el quiebre de un r\u00e9gimen que, durante una centuria (desde la asunci\u00f3n al poder de los generales revolucionarios triunfantes), logr\u00f3, para bien o para mal, dar paso a generaciones sucesivas de una clase gobernante con la capacidad de generar acuerdos internos, asimilar a la disidencia e incluso absorber a los contrarios en torno a intereses comunes. Una casta dispuesta incluso a ceder la Presidencia de la Rep\u00fablica, pero que nunca perdi\u00f3 el poder.<br \/>Se equivocar\u00e1 el que alerte sobre la presunta incertidumbre que ocasionen L\u00f3pez Obrador y su gobierno. Lo que ha empezado a hacer lo anticip\u00f3 en cada una de las tres rondas de exposici\u00f3n ante el pa\u00eds que supusieron sus campa\u00f1as presidenciales. Lo repiti\u00f3 como dirigente pol\u00edtico; lo reiter\u00f3 casi textualmente en su machac\u00f3n sistema de recorrer el territorio igual que lo hab\u00eda hecho en su natal Tabasco en los a\u00f1os 90, con la llamada &#8220;marcha de los mil pueblos&#8221;. Es razonable suponer que ahora trate de cumplir lo ofrecido.<br \/>La sesi\u00f3n conjunta del Congreso de la Uni\u00f3n la ma\u00f1ana de antier exhibi\u00f3 otra constante de lo que debemos esperar. La organizaci\u00f3n del evento, formalmente a cargo de la presidencia de la C\u00e1mara, que ostenta Porfirio Mu\u00f1oz Ledo, y de la coordinaci\u00f3n parlamentaria de Morena, confiada a Mario Delgado, estuvo sujeta en todo momento a los dictados surgidos de la casa de transici\u00f3n del nuevo gobierno.<br \/>La invitaci\u00f3n a dirigentes de partidos pol\u00edticos ajenos a la alianza gobernante fue anticipada apenas una semana atr\u00e1s, pero el gafete oficial no lleg\u00f3 sino muy avanzada la noche del viernes\u2026 solo para confirmar que les tocar\u00eda ocupar una remota butaca en el tercer nivel de San L\u00e1zaro, las galer\u00edas, usualmente destinadas al p\u00fablico de relleno, a las claques.<br \/>Muchos de los que encabezan organismos aut\u00f3nomos hacia los que L\u00f3pez Obrador ha mostrado una notoria frialdad fueron simplemente ignorados. Fue el caso del INAI, responsabilizado de velar por la transparencia; el Ifetel (telecomunicaciones), la Cofece (competencia econ\u00f3mica) o el INEE (la evaluaci\u00f3n educativa). Es muy probable que la lista sea mucho m\u00e1s larga y la se\u00f1al de desprecio m\u00e1s evidente, en particular hacia instituciones surgidas de las llamadas reformas estructurales de la administraci\u00f3n reci\u00e9n concluida en materia energ\u00e9tica, educativa o financiera.<br \/>Los mensajes entrel\u00edneas emanados de los discursos presidenciales tampoco parecen dejar espacio a muchas dudas. Los escasos segundos iniciales concedidos a reconocer al ya ex presidente Enrique Pe\u00f1a Nieto \u00fanicamente buscaron dotar de un matiz civilizado al lapidario diagn\u00f3stico que sigui\u00f3 sobre la econom\u00eda, la deuda externa, el sistema pol\u00edtico, el mundo empresarial, el nulo Estado de derecho y la injusticia social, todo engarzado en la demoledora acusaci\u00f3n de una org\u00eda de corrupci\u00f3n de la que nadie parece haberse salvado.<br \/>Seguramente los ansiosos hallaron alg\u00fan respiro en el compromiso presidencial de no contratar m\u00e1s deuda, de no provocar un gasto p\u00fablico por encima de lo que se recaude. Pero a ello sigui\u00f3 una lista casi interminable de becas, ayudas, pr\u00e9stamos, precios de garant\u00eda, est\u00edmulos, facilidades fiscales, obras p\u00fablicas, inversiones sociales y otros muchos sin\u00f3nimos para una sola palabra &#8220;maldita&#8221;, nunca mencionada: subsidios gubernamentales.<br \/>Ante la falta de capacidad del modelo econ\u00f3mico (derivado de consensos globales dictados desde los a\u00f1os 80), el Estado de Bienestar anunciado por L\u00f3pez Obrador, mediante reforma de ley, se apresta a realizar una gigantesca transferencia neta de recursos hacia los sectores m\u00e1s vulnerables. Se ajustar\u00e1 as\u00ed a un viejo anhelo de las izquierdas. Pero nada apunta en el sentido de que habr\u00e1 suficiente dinero para soportar eso.<br \/>\u00bfPero qu\u00e9 pasar\u00e1 si L\u00f3pez Obrador fracasa?<\/p>\n","protected":false},"excerpt":{"rendered":"<p>Retrato Hereje \u00a0\u00a0 \u00a0\u2022\u00a0\u00a0 \u00a0No debe haber duda de que este s\u00e1bado arranc\u00f3 una convulsi\u00f3n del sistema pol\u00edtico mexicano, el quiebre de un r\u00e9gimen que, durante una centuria, logr\u00f3, para bien o para mal, dar paso a generaciones sucesivas de una clase gobernante con la capacidad de generar acuerdos internos, asimilar a la disidencia e [&hellip;]<\/p>\n","protected":false},"author":93,"featured_media":0,"comment_status":"open","ping_status":"open","sticky":false,"template":"","format":"standard","meta":{"footnotes":""},"categories":[42],"tags":[],"class_list":["post-75127","post","type-post","status-publish","format-standard","hentry","category-nuestrapalabra"],"_links":{"self":[{"href":"https:\/\/plazajuarez.mx\/historico\/wp-json\/wp\/v2\/posts\/75127","targetHints":{"allow":["GET"]}}],"collection":[{"href":"https:\/\/plazajuarez.mx\/historico\/wp-json\/wp\/v2\/posts"}],"about":[{"href":"https:\/\/plazajuarez.mx\/historico\/wp-json\/wp\/v2\/types\/post"}],"author":[{"embeddable":true,"href":"https:\/\/plazajuarez.mx\/historico\/wp-json\/wp\/v2\/users\/93"}],"replies":[{"embeddable":true,"href":"https:\/\/plazajuarez.mx\/historico\/wp-json\/wp\/v2\/comments?post=75127"}],"version-history":[{"count":0,"href":"https:\/\/plazajuarez.mx\/historico\/wp-json\/wp\/v2\/posts\/75127\/revisions"}],"wp:attachment":[{"href":"https:\/\/plazajuarez.mx\/historico\/wp-json\/wp\/v2\/media?parent=75127"}],"wp:term":[{"taxonomy":"category","embeddable":true,"href":"https:\/\/plazajuarez.mx\/historico\/wp-json\/wp\/v2\/categories?post=75127"},{"taxonomy":"post_tag","embeddable":true,"href":"https:\/\/plazajuarez.mx\/historico\/wp-json\/wp\/v2\/tags?post=75127"}],"curies":[{"name":"wp","href":"https:\/\/api.w.org\/{rel}","templated":true}]}}