{"id":75126,"date":"2018-12-03T05:39:55","date_gmt":"2018-12-03T05:39:55","guid":{"rendered":"http:\/\/plazajuarez.mx\/index\/index.php\/2018\/12\/03\/lo-que-dijo-y-no-dijo-amlo-sobre-las-comunicaciones\/"},"modified":"2018-12-03T05:39:55","modified_gmt":"2018-12-03T05:39:55","slug":"lo-que-dijo-y-no-dijo-amlo-sobre-las-comunicaciones","status":"publish","type":"post","link":"https:\/\/plazajuarez.mx\/historico\/lo-que-dijo-y-no-dijo-amlo-sobre-las-comunicaciones\/","title":{"rendered":"Lo que dijo y no dijo AMLO sobre las comunicaciones"},"content":{"rendered":"<p>Telecomunicado<\/p>\n<p>  <!--more-->  <\/p>\n<p>Fueron dos discursos complementarios los que dio el presidente Andr\u00e9s Manuel L\u00f3pez Obrador el s\u00e1bado. El del Congreso de la Uni\u00f3n mostr\u00f3 un hombre m\u00e1s mesurado que el del Z\u00f3calo, pero no hubo contradicciones. Su oferta de gobierno fue m\u00e1s prol\u00edfica en el segundo discurso, el de la gente, el del pueblo. Sus decenas de promesas merecen an\u00e1lisis una a una porque las hizo el presidente de M\u00e9xico y no ya el candidato. Habl\u00f3 desde la creaci\u00f3n de un banco \u2014el banco del bienestar\u2014, el rescate de Pemex y CFE para que regresen a lo que eran con L\u00e1zaro C\u00e1rdenas, la centralizaci\u00f3n de las compras, hasta la no alza de impuestos en t\u00e9rminos reales, no m\u00e1s all\u00e1 de la inflaci\u00f3n (eso dijo). Cada una de estas propuestas, que ahora deber\u00e1n convertirse en planes de gobierno, acciones y hechos reales, debe ser estudiada desde su g\u00e9nesis, su viabilidad, su desarrollo y su materializaci\u00f3n o frustraci\u00f3n.<br \/>No hubo mucha referencia a las telecomunicaciones, ni a la radiodifusi\u00f3n. Por lo pronto, aqu\u00ed le presento lo que se dijo y no dijo en ambos discursos en materia de medios y telecomunicaciones:<br \/>1. Cobertura universal en materia de telecomunicaciones. Se conectar\u00e1 al pa\u00eds con internet utilizando la infraestructura las l\u00edneas de la Comisi\u00f3n Federal de Electricidad. Este servicio ser\u00e1 gratuito en carreteras, plazas, escuelas, hospitales e instalaciones p\u00fablicas (compromiso n\u00famero 77 del discurso del Z\u00f3calo). Agreg\u00f3 que s\u00f3lo 25% del territorio nacional tiene conectividad por internet y que se utilizar\u00edan las l\u00edneas de la CFE que llegan a 95% de la poblaci\u00f3n.<br \/>Al respecto, vale la pena mencionar dos cosas: seg\u00fan el Inegi, 63% de la poblaci\u00f3n de seis a\u00f1os de edad o m\u00e1s, es usuaria de internet y 50.9% del total de hogares a nivel nacional disponen de conexi\u00f3n a internet, ser\u00eda bueno conocer a qu\u00e9 se refiere la cifra de 25%. Por lo que hace a llevar el internet a toda la poblaci\u00f3n a trav\u00e9s de las l\u00edneas de CFE, lo que quiso decir nuestro presidente es que se utilizar\u00e1n las l\u00edneas el\u00e9ctricas de la Comisi\u00f3n, no se refer\u00eda a la fibra \u00f3ptica, pues enfatiz\u00f3 que estas l\u00edneas llegan a 95% del territorio y ese no ser\u00eda el caso de la fibra \u00f3ptica. <br \/>Pues bien, en este tema existe una tecnolog\u00eda llamada PLC (power line communication) que transmite la se\u00f1al de datos a trav\u00e9s de las l\u00edneas el\u00e9ctricas. Esta tecnolog\u00eda surgi\u00f3 alrededor de 2002 y es utilizada en pa\u00edses como Malasia en algunos sitios, pero se requiere que la red el\u00e9ctrica tenga ciertas caracter\u00edsticas que la nuestra no tiene (por variaciones de voltaje, transformadores, etc\u00e9tera). De hecho, fue explorada esta opci\u00f3n ya alguna vez por CFE y se descart\u00f3 por falta de viabilidad t\u00e9cnica y econ\u00f3mica.<br \/>2. Se reducir\u00e1 50% el gasto de publicidad del gobierno. Este tema es muy relevante porque la Ley de Comunicaci\u00f3n Social que expidi\u00f3 el Congreso pri\u00edsta en contravenci\u00f3n a las directrices que se\u00f1al\u00f3 la Suprema Corte en materia de c\u00f3mo debe regularse el gasto del gobierno en publicidad oficial, entra en vigor el 1 de enero de 2019. Las diversas organizaciones que han perseguido el asunto a trav\u00e9s del colectivo #medioslibres, han presentado ya un proyecto para abrogar esta ley y expedir una nueva con criterios mucho m\u00e1s transparentes y acordes con las mejores pr\u00e1cticas en esta materia. Ahora bien, Pe\u00f1a gast\u00f3 aproximadamente 45 mil millones de pesos durante su sexenio, a pesar de que s\u00f3lo se le aprobaron alrededor de 22 mil, as\u00ed que la duda es \u00bfser\u00e1 50% de lo que se gast\u00f3 Pe\u00f1a o de lo que se presupuest\u00f3? (n\u00famero 39).<br \/>3. Respeto a la libertad de expresi\u00f3n. Muy buena se\u00f1al dio en el Z\u00f3calo insistiendo en que se respetar\u00e1 el derecho a disentir y que no habr\u00e1 ning\u00fan tipo de censura, (n\u00famero 90).<br \/>4. Se suprimen todas las estructuras y programas duplicados entre ellas las oficinas de prensa, y estas funciones se centralizar\u00e1n en una sola unidad o coordinaci\u00f3n. En este caso, ser\u00e1 la Secretar\u00eda de Gobernaci\u00f3n la encargada de autorizar, supervisar y evaluar los programas de comunicaci\u00f3n social y publicidad de las dependencias y entidades de la administraci\u00f3n p\u00fablica federal, junto con la coordinaci\u00f3n de comunicaci\u00f3n de Jes\u00fas Ram\u00edrez Cuevas, quien formular\u00e1 y conducir\u00e1 toda la pol\u00edtica de comunicaci\u00f3n del gobierno federal, (n\u00famero 38).<br \/>5. No mencion\u00f3 a los medios p\u00fablicos, ni a los medios comunitarios e ind\u00edgenas.<br \/>EN LA SOBREMESA. 1. \u00bf\u00d3rganos aut\u00f3nomos &#8220;neoliberales&#8221;? Mala se\u00f1al para el IFT, la Cofece, el INAI y el INEE, todos creados en el sexenio de Pe\u00f1a Nieto, que no fueran invitados a la toma de protesta del presidente L\u00f3pez Obrador. El Banco de M\u00e9xico, la CNDH, el INE y el Inegi s\u00ed fueron invitados. As\u00ed que, como ya le hab\u00eda dicho en otras entregas, esperamos un cambio institucional importante que quiz\u00e1s empiece por un fuerte recorte presupuestal. Lo sabremos en unos d\u00edas.<br \/>2. Borr\u00f3n y\u2026 \u00bfcuenta nueva? Emilio Salda\u00f1a (@Pizu), hizo notar ayer a trav\u00e9s de su cuenta de Twitter el hecho de que el nuevo gobierno cre\u00f3 una nueva cuenta de comunicaci\u00f3n en esa red social y mand\u00f3 al archivo la del gobierno anterior. As\u00ed, se anunci\u00f3 que la cuenta @PresidenciaMX se ha convertido en un archivo hist\u00f3rico y la nueva ser\u00e1 @GobiernoMX. Nadie est\u00e1 en contra del cambio de imagen institucional y hasta de sus colores, pero con esta modificaci\u00f3n se desconectaron a 3.4 millones de usuarios que ya segu\u00edan la anterior&#8230; \u00bfqu\u00e9 necesidad?<br \/>* Este art\u00edculo refleja la posici\u00f3n personal de quien lo escribe.<br \/>Twitter: @soyirenelevy<\/p>\n","protected":false},"excerpt":{"rendered":"<p>Telecomunicado<\/p>\n","protected":false},"author":93,"featured_media":0,"comment_status":"open","ping_status":"open","sticky":false,"template":"","format":"standard","meta":{"footnotes":""},"categories":[42],"tags":[],"class_list":["post-75126","post","type-post","status-publish","format-standard","hentry","category-nuestrapalabra"],"_links":{"self":[{"href":"https:\/\/plazajuarez.mx\/historico\/wp-json\/wp\/v2\/posts\/75126","targetHints":{"allow":["GET"]}}],"collection":[{"href":"https:\/\/plazajuarez.mx\/historico\/wp-json\/wp\/v2\/posts"}],"about":[{"href":"https:\/\/plazajuarez.mx\/historico\/wp-json\/wp\/v2\/types\/post"}],"author":[{"embeddable":true,"href":"https:\/\/plazajuarez.mx\/historico\/wp-json\/wp\/v2\/users\/93"}],"replies":[{"embeddable":true,"href":"https:\/\/plazajuarez.mx\/historico\/wp-json\/wp\/v2\/comments?post=75126"}],"version-history":[{"count":0,"href":"https:\/\/plazajuarez.mx\/historico\/wp-json\/wp\/v2\/posts\/75126\/revisions"}],"wp:attachment":[{"href":"https:\/\/plazajuarez.mx\/historico\/wp-json\/wp\/v2\/media?parent=75126"}],"wp:term":[{"taxonomy":"category","embeddable":true,"href":"https:\/\/plazajuarez.mx\/historico\/wp-json\/wp\/v2\/categories?post=75126"},{"taxonomy":"post_tag","embeddable":true,"href":"https:\/\/plazajuarez.mx\/historico\/wp-json\/wp\/v2\/tags?post=75126"}],"curies":[{"name":"wp","href":"https:\/\/api.w.org\/{rel}","templated":true}]}}