{"id":75125,"date":"2018-12-03T05:39:19","date_gmt":"2018-12-03T05:39:19","guid":{"rendered":"http:\/\/plazajuarez.mx\/index\/index.php\/2018\/12\/03\/el-nuevo-fiscal-general\/"},"modified":"2018-12-03T05:39:19","modified_gmt":"2018-12-03T05:39:19","slug":"el-nuevo-fiscal-general","status":"publish","type":"post","link":"https:\/\/plazajuarez.mx\/historico\/el-nuevo-fiscal-general\/","title":{"rendered":"El nuevo fiscal general"},"content":{"rendered":"<p>Bajo Reserva Expr\u00e9s<\/p>\n<p>  <!--more-->  <\/p>\n<p>El s\u00e1bado acudieron a la toma de protesta del presidente Andr\u00e9s Manuel L\u00f3pez Obrador dos de sus hombres m\u00e1s cercanos en temas de justicia: Alejandro Gertz Manero y Bernardo B\u00e1tiz y entre algunos legisladores se cruzaban apuestas acerca de qui\u00e9n de estos dos personajes podr\u00eda ser designado cono el nuevo fiscal general.<br \/>Nos cuentan que a su llegada a San L\u00e1zaro se le pregunt\u00f3 a Gertz Manero si le interesaba ser el pr\u00f3ximo fiscal de L\u00f3pez Obrador y \u00e9l respondi\u00f3 que estar\u00e1 en el puesto que le den para servir al pa\u00eds.<br \/>Unos minutos despu\u00e9s hizo su aparici\u00f3n Bernardo B\u00e1tiz y se le hizo la misma pregunta y asegur\u00f3 que estar\u00eda muy gustoso de servir al pa\u00eds para completar una lucha de m\u00e1s de 40 a\u00f1os.<br \/>Por el momento, don Alejandro tiene un pie dentro al haber sido designado para ser el encargado de despacho en la Procuradur\u00eda General de la Rep\u00fablica, pero nada est\u00e1 seguro.<br \/>\u00bfQu\u00e9 decidir\u00e1 el Presidente L\u00f3pez Obrador si est\u00e1 semana el Congreso da luz verde a la creaci\u00f3n de la Fiscal\u00eda General de la Rep\u00fablica?<\/p>\n","protected":false},"excerpt":{"rendered":"<p>Bajo Reserva Expr\u00e9s<\/p>\n","protected":false},"author":93,"featured_media":0,"comment_status":"open","ping_status":"open","sticky":false,"template":"","format":"standard","meta":{"footnotes":""},"categories":[42],"tags":[],"class_list":["post-75125","post","type-post","status-publish","format-standard","hentry","category-nuestrapalabra"],"_links":{"self":[{"href":"https:\/\/plazajuarez.mx\/historico\/wp-json\/wp\/v2\/posts\/75125","targetHints":{"allow":["GET"]}}],"collection":[{"href":"https:\/\/plazajuarez.mx\/historico\/wp-json\/wp\/v2\/posts"}],"about":[{"href":"https:\/\/plazajuarez.mx\/historico\/wp-json\/wp\/v2\/types\/post"}],"author":[{"embeddable":true,"href":"https:\/\/plazajuarez.mx\/historico\/wp-json\/wp\/v2\/users\/93"}],"replies":[{"embeddable":true,"href":"https:\/\/plazajuarez.mx\/historico\/wp-json\/wp\/v2\/comments?post=75125"}],"version-history":[{"count":0,"href":"https:\/\/plazajuarez.mx\/historico\/wp-json\/wp\/v2\/posts\/75125\/revisions"}],"wp:attachment":[{"href":"https:\/\/plazajuarez.mx\/historico\/wp-json\/wp\/v2\/media?parent=75125"}],"wp:term":[{"taxonomy":"category","embeddable":true,"href":"https:\/\/plazajuarez.mx\/historico\/wp-json\/wp\/v2\/categories?post=75125"},{"taxonomy":"post_tag","embeddable":true,"href":"https:\/\/plazajuarez.mx\/historico\/wp-json\/wp\/v2\/tags?post=75125"}],"curies":[{"name":"wp","href":"https:\/\/api.w.org\/{rel}","templated":true}]}}