{"id":75121,"date":"2018-12-03T05:38:23","date_gmt":"2018-12-03T05:38:23","guid":{"rendered":"http:\/\/plazajuarez.mx\/index\/index.php\/2018\/12\/03\/de-la-dictadura-perfecta-a-la-democracia-electoral\/"},"modified":"2018-12-03T05:38:23","modified_gmt":"2018-12-03T05:38:23","slug":"de-la-dictadura-perfecta-a-la-democracia-electoral","status":"publish","type":"post","link":"https:\/\/plazajuarez.mx\/historico\/de-la-dictadura-perfecta-a-la-democracia-electoral\/","title":{"rendered":"De la dictadura perfecta a la democracia electoral"},"content":{"rendered":"<p>\u00a0\u00a0\u00a0 \u2022\u00a0\u00a0 \u00a0El arribo de don Andr\u00e9s Manuel L\u00f3pez Obrador a la titularidad del Poder Ejecutivo Federal, y la conformaci\u00f3n de mayor\u00edas legislativas provenientes del partido que form\u00f3 hace menos de un quinquenio, son el corolario de esta maduraci\u00f3n\u2028<\/p>\n<p>  <!--more-->  <\/p>\n<p>Este 1 de diciembre, M\u00e9xico consolid\u00f3 y alcanz\u00f3 la mayor\u00eda de edad de su democracia electoral.<br \/>Despu\u00e9s de una evoluci\u00f3n a lo largo de casi cuatro d\u00e9cadas, donde el impulso de la sociedad, las sucesivas adecuaciones de la legislaci\u00f3n electoral, la participaci\u00f3n y el surgimiento de diversos partidos y movimientos pol\u00edticos, as\u00ed como la conformaci\u00f3n de instituciones arbitrales y garantes de la democracia, en el M\u00e9xico de hoy la alternancia en el ejercicio del poder, en todos los \u00f3rdenes de gobierno, es una realidad cotidiana.<br \/>El arribo de don Andr\u00e9s Manuel L\u00f3pez Obrador a la titularidad del Poder Ejecutivo Federal, y la conformaci\u00f3n de mayor\u00edas legislativas provenientes del partido que form\u00f3 hace menos de un quinquenio, son el corolario de esta maduraci\u00f3n.<br \/>El tr\u00e1nsito de la llamada dictadura perfecta a una democracia electoral vibrante, es por s\u00ed mismo motivo de alegr\u00eda y esperanza, pero sobre todo, de renovado compromiso de trabajo en favor del gran futuro de M\u00e9xico.<br \/>M\u00e9xico debe evolucionar ahora, hacia la democracia participativa, fortaleciendo del r\u00e9gimen republicano y federal, la plenitud del ejercicio de las libertades individuales, y la obtenci\u00f3n de niveles mayores de bienestar.<br \/>Corresponde hoy a don Andr\u00e9s Manuel L\u00f3pez Obrador, como Jefe de Estado y de Gobierno, encabezar el esfuerzo colectivo para que los mexicanos, podamos ver colmadas esas aspiraciones.<br \/>Quien por mandato de ley hoy nos representa a todos, est\u00e1 llamado a dejar atr\u00e1s manique\u00edsmos y posiciones polarizantes. Al asumir el liderazgo nacional, el Presidente de la Rep\u00fablica debe ser factor de inspiraci\u00f3n, moderaci\u00f3n, concordia y de cohesi\u00f3n social.<br \/>De cara a los desaf\u00edos de M\u00e9xico, en esta nueva etapa de la vida del pa\u00eds, las cerca de 36 mil empresas socias de la Coparmex en todas las entidades, est\u00e1n listas para actuar en 1.- Preservar la divisi\u00f3n de poderes. Aspiramos a un Poder Legislativo con capacidad anal\u00edtica, ejerciendo a cabalidad sus facultades, actuando con independencia del Poder Ejecutivo. Promovemos un Poder Judicial con capacidad de arbitrar eficazmente la convivencia social.<br \/>2.- Hacer respetar las autonom\u00edas y competencias de los \u00f3rganos de especialidad estrat\u00e9gica. 3.- Fortalecer el Federalismo. Pugnamos por un reordenamiento de la relaci\u00f3n pol\u00edtica y financiera del Gobierno Federal, los gobiernos estatales y los gobiernos municipales. 4.- Consolidar mecanismos institucionales en materia de transparencia, fiscalizaci\u00f3n e integridad p\u00fablica. 5.- Robustecer la participaci\u00f3n social. La democracia participativa implica el involucramiento de m\u00e1s ciudadanos en entidades de inter\u00e9s p\u00fablico, en lo general, y en instancias de gobierno ligadas a los temas de su leg\u00edtimo inter\u00e9s. 6.- Garantizar tolerancia y libertades.<br \/>En la Coparmex, honrando nuestras convicciones, cuestionaremos, siempre de buena fe, aquellas leyes, proyectos, programas o acciones que pudieren ser perjudiciales para los ciudadanos, las empresas o a M\u00e9xico, proponiendo alternativas viables.<br \/>Actuando con apego a esos irreductibles de la democracia, en tanto Jefe de Estado y de Gobierno, contar\u00e1 con el respaldo y apoyo de la Coparmex.<br \/>Deseamos a don Andr\u00e9s Manuel L\u00f3pez Obrador, que su mandato sea fruct\u00edfero en favor del pueblo de M\u00e9xico.<\/p>\n","protected":false},"excerpt":{"rendered":"<p>\u00a0\u00a0\u00a0 \u2022\u00a0\u00a0 \u00a0El arribo de don Andr\u00e9s Manuel L\u00f3pez Obrador a la titularidad del Poder Ejecutivo Federal, y la conformaci\u00f3n de mayor\u00edas legislativas provenientes del partido que form\u00f3 hace menos de un quinquenio, son el corolario de esta maduraci\u00f3n\u2028<\/p>\n","protected":false},"author":93,"featured_media":0,"comment_status":"open","ping_status":"open","sticky":false,"template":"","format":"standard","meta":{"footnotes":""},"categories":[42],"tags":[],"class_list":["post-75121","post","type-post","status-publish","format-standard","hentry","category-nuestrapalabra"],"_links":{"self":[{"href":"https:\/\/plazajuarez.mx\/historico\/wp-json\/wp\/v2\/posts\/75121","targetHints":{"allow":["GET"]}}],"collection":[{"href":"https:\/\/plazajuarez.mx\/historico\/wp-json\/wp\/v2\/posts"}],"about":[{"href":"https:\/\/plazajuarez.mx\/historico\/wp-json\/wp\/v2\/types\/post"}],"author":[{"embeddable":true,"href":"https:\/\/plazajuarez.mx\/historico\/wp-json\/wp\/v2\/users\/93"}],"replies":[{"embeddable":true,"href":"https:\/\/plazajuarez.mx\/historico\/wp-json\/wp\/v2\/comments?post=75121"}],"version-history":[{"count":0,"href":"https:\/\/plazajuarez.mx\/historico\/wp-json\/wp\/v2\/posts\/75121\/revisions"}],"wp:attachment":[{"href":"https:\/\/plazajuarez.mx\/historico\/wp-json\/wp\/v2\/media?parent=75121"}],"wp:term":[{"taxonomy":"category","embeddable":true,"href":"https:\/\/plazajuarez.mx\/historico\/wp-json\/wp\/v2\/categories?post=75121"},{"taxonomy":"post_tag","embeddable":true,"href":"https:\/\/plazajuarez.mx\/historico\/wp-json\/wp\/v2\/tags?post=75121"}],"curies":[{"name":"wp","href":"https:\/\/api.w.org\/{rel}","templated":true}]}}