{"id":75120,"date":"2018-12-03T05:35:21","date_gmt":"2018-12-03T05:35:21","guid":{"rendered":"http:\/\/plazajuarez.mx\/index\/index.php\/2018\/12\/03\/la-secretaria-de-cultura-llega-a-los-pinos\/"},"modified":"2018-12-03T05:35:21","modified_gmt":"2018-12-03T05:35:21","slug":"la-secretaria-de-cultura-llega-a-los-pinos","status":"publish","type":"post","link":"https:\/\/plazajuarez.mx\/historico\/la-secretaria-de-cultura-llega-a-los-pinos\/","title":{"rendered":"La secretaria de Cultura llega a Los Pinos"},"content":{"rendered":"<p>En d\u00edas posteriores viajar\u00e1 a Tlaxcala, para comenzar con la descentralizaci\u00f3n<\/p>\n<p>  <!--more-->  <\/p>\n<p>Hoy, la secretaria de Cultura federal, Alejandra Frausto, visitar\u00e1 las oficinas de la dependencia, en la calle de Arenal, en Chimalistac, para continuar con el proceso de la entrega-recepci\u00f3n, luego en los pr\u00f3ximos d\u00edas, dar\u00e1 a conocer los nombres de los funcionarios con quienes trabajar\u00e1 en la dependencia. En d\u00edas posteriores viajar\u00e1 a Tlaxcala, para comenzar con la descentralizaci\u00f3n.<br \/>&#8220;Ya se dieron cuenta c\u00f3mo est\u00e1 la gente recibi\u00e9ndolo, personas que se ponen a bailar, que est\u00e1n siendo parte de esta celebraci\u00f3n cultural. Y este espacio se ir\u00e1 construyendo. El proyecto cultural se ir\u00e1 construyendo paso a paso&#8221;, se\u00f1al\u00f3 Alejandra Frausto.<br \/>As\u00ed lo acaba de informar la funcionaria cultural durante su visita al Complejo cultural Los Pinos, en el segundo d\u00eda de apertura al pueblo de M\u00e9xico. Frausto arrib\u00f3 a la ex residencia oficial de los mandatarios mexicanos justo cuando se celebraba el concierto de la Orquesta Escuela Carlos Ch\u00e1vez, bajo la direcci\u00f3n del maestro Eduardo Garc\u00eda Barrios.<br \/>Al ritmo del &#8220;Huapango&#8221; de Moncayo con el que cerr\u00f3 el concierto celebrado en la plaza Madero de Los Pinos, cuyo programa incluy\u00f3 otras piezas como &#8220;Mambo no. 9&#8221; de Arturo M\u00e1rquez y &#8220;Semsemay\u00e1&#8221; de Silvestre Revueltas, Frausto dijo que la descentralizaci\u00f3n es algo que se va a ir haciendo con respeto absoluto a los derechos laborales de quien est\u00e1 trabajando en la Secretar\u00eda de Cultura.<br \/>&#8220;Instalaremos un grupo peque\u00f1o all\u00e1, estaremos en el lugar que tiene el Instituto Tlaxcalteca de Cultura, es un edificio muy bello en el centro de Tlaxcala y ah\u00ed estaremos atendiendo. Vamos a ir presentando cu\u00e1les son los avances del programa&#8221;, se\u00f1al\u00f3 Frausto, quien asegur\u00f3 sentirse feliz de la cantidad de personas que han acudido.<br \/>Dijo que el pasado s\u00e1bado fueron 30 mil visitantes.<br \/>Durante el concierto Alejandra Frausto agradeci\u00f3 a la senadora Susana Harp, quien acudi\u00f3 a Los Pinos, as\u00ed tambi\u00e9n a agradeci\u00f3 a las orquestas juveniles y de ni\u00f1os de Oaxaca y Morelos, entre otras agrupaciones que entre ayer y hoy se han presentado en Los Pinos<\/p>\n","protected":false},"excerpt":{"rendered":"<p>En d\u00edas posteriores viajar\u00e1 a Tlaxcala, para comenzar con la descentralizaci\u00f3n<\/p>\n","protected":false},"author":93,"featured_media":0,"comment_status":"open","ping_status":"open","sticky":false,"template":"","format":"standard","meta":{"footnotes":""},"categories":[41],"tags":[],"class_list":["post-75120","post","type-post","status-publish","format-standard","hentry","category-arteria-cultural"],"_links":{"self":[{"href":"https:\/\/plazajuarez.mx\/historico\/wp-json\/wp\/v2\/posts\/75120","targetHints":{"allow":["GET"]}}],"collection":[{"href":"https:\/\/plazajuarez.mx\/historico\/wp-json\/wp\/v2\/posts"}],"about":[{"href":"https:\/\/plazajuarez.mx\/historico\/wp-json\/wp\/v2\/types\/post"}],"author":[{"embeddable":true,"href":"https:\/\/plazajuarez.mx\/historico\/wp-json\/wp\/v2\/users\/93"}],"replies":[{"embeddable":true,"href":"https:\/\/plazajuarez.mx\/historico\/wp-json\/wp\/v2\/comments?post=75120"}],"version-history":[{"count":0,"href":"https:\/\/plazajuarez.mx\/historico\/wp-json\/wp\/v2\/posts\/75120\/revisions"}],"wp:attachment":[{"href":"https:\/\/plazajuarez.mx\/historico\/wp-json\/wp\/v2\/media?parent=75120"}],"wp:term":[{"taxonomy":"category","embeddable":true,"href":"https:\/\/plazajuarez.mx\/historico\/wp-json\/wp\/v2\/categories?post=75120"},{"taxonomy":"post_tag","embeddable":true,"href":"https:\/\/plazajuarez.mx\/historico\/wp-json\/wp\/v2\/tags?post=75120"}],"curies":[{"name":"wp","href":"https:\/\/api.w.org\/{rel}","templated":true}]}}