{"id":74349,"date":"2018-11-19T13:13:35","date_gmt":"2018-11-19T13:13:35","guid":{"rendered":"http:\/\/plazajuarez.mx\/index\/index.php\/2018\/11\/19\/durazo-y-el-fantasma-de-aguilar-zinser\/"},"modified":"2018-11-19T13:13:35","modified_gmt":"2018-11-19T13:13:35","slug":"durazo-y-el-fantasma-de-aguilar-zinser","status":"publish","type":"post","link":"https:\/\/plazajuarez.mx\/historico\/durazo-y-el-fantasma-de-aguilar-zinser\/","title":{"rendered":"Durazo y el fantasma de Aguilar Z\u00ednser"},"content":{"rendered":"<p>Retrato Hereje<br \/>La Guardia Nacional, que agrupar\u00e1 a la actual Polic\u00eda Federal (PF), la Polic\u00eda Militar y la Polic\u00eda Naval, estar\u00e1 encabezada por mandos militares y sumar\u00e1 a miembros del Ej\u00e9rcito hasta contar con 50 mil integrantes<\/p>\n<p>  <!--more-->  <\/p>\n<p>En la noche de su triunfo electoral, el primero de julio, Andr\u00e9s Manuel L\u00f3pez Obrador pidi\u00f3 a Olga S\u00e1nchez Cordero comunicarse con todos los gobernadores del pa\u00eds para ofrecerles tranquilidad de que el nuevo gobierno no estar\u00eda animado por venganzas y se trabajar\u00eda en equipo con ellos.<br \/>La ministra retirada concluy\u00f3 la madrugada siguiente su encomienda, propia de la futura secretaria de Gobernaci\u00f3n, como hab\u00eda sido presentada seis meses antes. Luego las cosas se le comenzaron a tropezar, al grado que quiz\u00e1 ya eche de menos el d\u00eda que se acerc\u00f3 al ahora presidente electo con el solo anhelo de concluir su vida p\u00fablica como senadora.<br \/>S\u00e1nchez Cordero seguramente forma filas entre aquellos a los que sorprendi\u00f3 el anuncio del nuevo modelo de seguridad, que no reducir\u00e1 sino ampliar\u00e1 el protagonismo de las Fuerzas Armadas, justo cuando la Ley de Seguridad Interior, orientada en el mismo sentido, fue desechada por la Corte ante m\u00faltiples recursos jur\u00eddicos y voces en contra \u2014entre ellas la de S\u00e1nchez Cordero y la de Alejandro Encinas, pr\u00f3ximo subsecretario de Gobernaci\u00f3n para temas de derechos humanos.<br \/>La Guardia Nacional, que agrupar\u00e1 a la actual Polic\u00eda Federal (PF), la Polic\u00eda Militar y la Polic\u00eda Naval, estar\u00e1 encabezada por mandos militares y sumar\u00e1 a miembros del Ej\u00e9rcito hasta contar con 50 mil integrantes. Ello anticipa que un porcentaje importante de los actuales 40 mil efectivos de la PF ser\u00e1n dados de baja o enviados a otras tareas. L\u00f3pez Obrador dijo que la mitad de ellos hace &#8220;labores administrativas&#8221;.<br \/>Al nuevo modelo se la han a\u00f1adido aspectos igualmente inquietantes, como designar al general Audomaro Mart\u00ednez (Cunduac\u00e1n, Tabasco, 1948), paisano de L\u00f3pez Obrador \u2014al que conoce al menos desde 1980. Ma\u00f1ana d\u00eda 19 tendr\u00e1 dos motivos de celebraci\u00f3n: cumplir 70 a\u00f1os de edad y haber sido designado al frente de la &#8220;s\u00faper agencia&#8221; de inteligencia que aglutinar\u00e1 al Cisen y otras instancias de investigaci\u00f3n, presumiblemente incluso las militares. No se conoce que el general Mart\u00ednez tenga experiencia alguna en este campo, por lo que ser\u00e1 necesario conocer a sus subalternos, en cuyas manos ser\u00e1 depositado un gran poder.<br \/>&#8220;En pol\u00edtica se escoge entre inconvenientes&#8221;, dijo el presidente electo al presentar su &#8220;Plan Nacional de Paz y Seguridad&#8221;. En abono a esta l\u00ednea de pensamiento, hay que apuntar que el cierre de la administraci\u00f3n Pe\u00f1a Nieto estar\u00e1 acompa\u00f1ado por un enorme deterioro en las instancias civiles de seguridad. Lo mismo la Polic\u00eda Federal, subordinada todo el sexenio a Miguel \u00c1ngel Osorio Chong, que la Procuradur\u00eda General de la Rep\u00fablica, con un &#8220;encargado&#8221; que no podr\u00eda llenar los requisitos de ley para desempe\u00f1ar plenamente el puesto. O el Cisen, a cuyo frente est\u00e1 Alberto Bazbaz, al que se atribuye formar parte de un poderoso bloque de intereses encabezado por Humberto Castillejos, ex consejero jur\u00eddico en Los Pinos.<br \/>Quiz\u00e1 el principal enigma de este nuevo modelo est\u00e9 personificado por Alfonso Durazo, inminente secretario de Seguridad P\u00fablica y quien se anticipa como cabeza de una pir\u00e1mide que lo mismo incluir\u00e1 a las secretar\u00edas de Defensa, Marina y Gobernaci\u00f3n que a la Fiscal\u00eda General, por no mencionar la previsible subordinaci\u00f3n de fuerzas municipales y estatales.<br \/>Durazo Monta\u00f1o (Sonora, 1954) fue secretario particular de Luis Donaldo Colosio desde 1989 hasta 1994, cuando \u00e9ste fue asesinado. Asumi\u00f3 la misma funci\u00f3n con Vicente Fox al inicio de su presidencia (2000), luego fue su consejero y responsable de Comunicaci\u00f3n, hasta que en 2004 dimiti\u00f3 ruidosamente ante pugnas insuperables con Martha Sahag\u00fan, la ambiciosa esposa del mandatario.<br \/>Durazo presenci\u00f3 el surgimiento de la figura de consejero presidencial en Seguridad, una tarea asignada a Adolfo Aguilar Z\u00ednser, y que se hab\u00eda perfilado desde 1998 en un libro del general Gerardo Vega Garc\u00eda, a la postre secretario de la Defensa durante la gesti\u00f3n foxista.<br \/>Aguilar Z\u00ednser, inicialmente aliado de Jorge Casta\u00f1eda, el poderoso canciller foxista, intent\u00f3, casi en t\u00e9rminos id\u00e9nticos, desempe\u00f1ar la misma funci\u00f3n que ahora tendr\u00e1 Durazo.<br \/>Sin embargo, desde las primeras semanas, Aguilar entr\u00f3 en confrontaci\u00f3n con los secretarios de Defensa y Marina, tambi\u00e9n con el de Seguridad P\u00fablica, Alejandro Gertz \u2014que en esta ocasi\u00f3n ser\u00e1 subsecretario del ramo\u2014; con el de Gobernaci\u00f3n, Santiago Creel; con el procurador, Rafael Macedo, y el director del Cisen, Eduardo Medina Mora, actual ministro de la Corte.<br \/>La aventura dur\u00f3 dos a\u00f1os, pues en 2002 Aguilar Z\u00ednser fue separado del cargo y nombrado embajador ante la ONU. Este martes 20 se cumplir\u00e1n 15 a\u00f1os de que renunci\u00f3 con un portazo al romperse en definitiva su relaci\u00f3n con Fox.<br \/>Dos a\u00f1os, no obstante, pueden ser el umbral que Durazo podr\u00eda soportar en una din\u00e1mica que sin duda tendr\u00e1 gran desgaste. Es el plazo justo para que en 2021 se lance a buscar su sue\u00f1o: ser gobernador de Sonora.<br \/>Correo: rockroberto@gmail.com<\/p>\n","protected":false},"excerpt":{"rendered":"<p>Retrato HerejeLa Guardia Nacional, que agrupar\u00e1 a la actual Polic\u00eda Federal (PF), la Polic\u00eda Militar y la Polic\u00eda Naval, estar\u00e1 encabezada por mandos militares y sumar\u00e1 a miembros del Ej\u00e9rcito hasta contar con 50 mil integrantes<\/p>\n","protected":false},"author":93,"featured_media":0,"comment_status":"open","ping_status":"open","sticky":false,"template":"","format":"standard","meta":{"footnotes":""},"categories":[42],"tags":[],"class_list":["post-74349","post","type-post","status-publish","format-standard","hentry","category-nuestrapalabra"],"_links":{"self":[{"href":"https:\/\/plazajuarez.mx\/historico\/wp-json\/wp\/v2\/posts\/74349","targetHints":{"allow":["GET"]}}],"collection":[{"href":"https:\/\/plazajuarez.mx\/historico\/wp-json\/wp\/v2\/posts"}],"about":[{"href":"https:\/\/plazajuarez.mx\/historico\/wp-json\/wp\/v2\/types\/post"}],"author":[{"embeddable":true,"href":"https:\/\/plazajuarez.mx\/historico\/wp-json\/wp\/v2\/users\/93"}],"replies":[{"embeddable":true,"href":"https:\/\/plazajuarez.mx\/historico\/wp-json\/wp\/v2\/comments?post=74349"}],"version-history":[{"count":0,"href":"https:\/\/plazajuarez.mx\/historico\/wp-json\/wp\/v2\/posts\/74349\/revisions"}],"wp:attachment":[{"href":"https:\/\/plazajuarez.mx\/historico\/wp-json\/wp\/v2\/media?parent=74349"}],"wp:term":[{"taxonomy":"category","embeddable":true,"href":"https:\/\/plazajuarez.mx\/historico\/wp-json\/wp\/v2\/categories?post=74349"},{"taxonomy":"post_tag","embeddable":true,"href":"https:\/\/plazajuarez.mx\/historico\/wp-json\/wp\/v2\/tags?post=74349"}],"curies":[{"name":"wp","href":"https:\/\/api.w.org\/{rel}","templated":true}]}}