{"id":74320,"date":"2018-11-19T13:01:56","date_gmt":"2018-11-19T13:01:56","guid":{"rendered":"http:\/\/plazajuarez.mx\/index\/index.php\/2018\/11\/19\/se-normalizara-el-clima-en-hidalgo-2\/"},"modified":"2018-11-19T13:01:56","modified_gmt":"2018-11-19T13:01:56","slug":"se-normalizara-el-clima-en-hidalgo-2","status":"publish","type":"post","link":"https:\/\/plazajuarez.mx\/historico\/se-normalizara-el-clima-en-hidalgo-2\/","title":{"rendered":"Se normalizar\u00e1 el clima en Hidalgo"},"content":{"rendered":"<p>\u00a0\u00a0\u00a0 \u2022\u00a0\u00a0 \u00a0Un anticicl\u00f3n provocar\u00e1 la ausencia de lluvias en buena parte del pa\u00eds, permitiendo cielos despejados, mientras que el norte se ver\u00e1 afectado por nuevo frente fr\u00edo \u2028<\/p>\n<p>  <!--more-->  <\/p>\n<p>A ra\u00edz del descenso de temperaturas derivado del frente fr\u00edo 10, el Servicio Meteorol\u00f3gico Nacional (SMN) anunci\u00f3 que para los pr\u00f3ximos d\u00edas habr\u00e1 un registro de un anticicl\u00f3n en el Golfo de M\u00e9xico, el cual generar\u00e1 condiciones de tiempo estable, con cielos despejados y con bajo potencial de lluvias en buena parte del pa\u00eds. <br \/>\u00a0\u00a0 \u00a0Por otro lado, el norte y noreste de M\u00e9xico se ver\u00e1 afectado por la entrada del frente fr\u00edo 11, el cual se prev\u00e9 descenso de temperaturas y potencial de tormentas de fuertes a muy fuertes en este punto, con rachas de vientos superiores a los 40 kil\u00f3metros por hora. <br \/>\u00a0\u00a0 \u00a0En el estado de Hidalgo, se prev\u00e9 que haya lluvias con intervalos de chubascos, mientras que se tendr\u00e1n temperaturas en las zonas monta\u00f1osas entre los cero y los cinco grados bajo cero, con la probabilidad de tener heladas en las ma\u00f1anas, mientras que en lo general se tendr\u00e1n ambientes templados y cielos despejados. <br \/>\u00a0\u00a0 \u00a0Para la Zona Metropolitana de Pachuca, el pron\u00f3stico que se tienen es de ambientes completamente soleados, con peque\u00f1os registros de nubosidades, y temperaturas bajas desde los siete, hasta los 23 grados cent\u00edgrados como m\u00e1ximo. <br \/>\u00a0\u00a0 \u00a0Mientras que en el Valle de Tulancingo tambi\u00e9n tendr\u00e1n condiciones favorables de clima, con cielos despejados y soleados todo el d\u00eda, salvo el martes, con registros de neblinas; en cuanto a las temperaturas, las bajas ser\u00e1n de siete grados, y las altas llegar\u00e1n hasta los 24 grados. <br \/>\u00a0\u00a0 \u00a0En tanto, la Huasteca tendr\u00e1 un estado del tiempo mixto, con ligeras lluvias para el martes y jueves, cielos nublados para el lunes y mi\u00e9rcoles, para culminar con d\u00edas soleados esta semana, y con temperaturas m\u00ednimas de 18 grados, y m\u00e1ximas oscilando los 19 y los 27 grados. <br \/>\u00a0\u00a0 \u00a0Por otro lado, el Valle del Mezquital ostentar\u00e1 clima variado, con registros de ambientes soleados para el mi\u00e9rcoles y viernes, mientras que el resto habr\u00e1 cielos parcialmente nublados, mientras que se amanecer\u00e1 con 11 grados en el term\u00f3metro, ascendiendo gradualmente hasta los 28. <br \/>\u00a0\u00a0 \u00a0Finalmente, el Altiplano tendr\u00e1 la semana llena de ambientes soleados, sin alg\u00fan tipo de afectaciones, con temperaturas desde los seis, llegado en un punto m\u00e1ximo a los 22 grados como m\u00e1ximo. <\/p>\n","protected":false},"excerpt":{"rendered":"<p>\u00a0\u00a0\u00a0 \u2022\u00a0\u00a0 \u00a0Un anticicl\u00f3n provocar\u00e1 la ausencia de lluvias en buena parte del pa\u00eds, permitiendo cielos despejados, mientras que el norte se ver\u00e1 afectado por nuevo frente fr\u00edo \u2028<\/p>\n","protected":false},"author":93,"featured_media":0,"comment_status":"open","ping_status":"open","sticky":false,"template":"","format":"standard","meta":{"footnotes":""},"categories":[59],"tags":[],"class_list":["post-74320","post","type-post","status-publish","format-standard","hentry","category-general"],"_links":{"self":[{"href":"https:\/\/plazajuarez.mx\/historico\/wp-json\/wp\/v2\/posts\/74320","targetHints":{"allow":["GET"]}}],"collection":[{"href":"https:\/\/plazajuarez.mx\/historico\/wp-json\/wp\/v2\/posts"}],"about":[{"href":"https:\/\/plazajuarez.mx\/historico\/wp-json\/wp\/v2\/types\/post"}],"author":[{"embeddable":true,"href":"https:\/\/plazajuarez.mx\/historico\/wp-json\/wp\/v2\/users\/93"}],"replies":[{"embeddable":true,"href":"https:\/\/plazajuarez.mx\/historico\/wp-json\/wp\/v2\/comments?post=74320"}],"version-history":[{"count":0,"href":"https:\/\/plazajuarez.mx\/historico\/wp-json\/wp\/v2\/posts\/74320\/revisions"}],"wp:attachment":[{"href":"https:\/\/plazajuarez.mx\/historico\/wp-json\/wp\/v2\/media?parent=74320"}],"wp:term":[{"taxonomy":"category","embeddable":true,"href":"https:\/\/plazajuarez.mx\/historico\/wp-json\/wp\/v2\/categories?post=74320"},{"taxonomy":"post_tag","embeddable":true,"href":"https:\/\/plazajuarez.mx\/historico\/wp-json\/wp\/v2\/tags?post=74320"}],"curies":[{"name":"wp","href":"https:\/\/api.w.org\/{rel}","templated":true}]}}