{"id":74319,"date":"2018-11-19T06:07:12","date_gmt":"2018-11-19T06:07:12","guid":{"rendered":"http:\/\/plazajuarez.mx\/index\/index.php\/2018\/11\/19\/las-derrotas-mas-dolorosas-de-mexico-ante-argentina\/"},"modified":"2018-11-19T06:07:12","modified_gmt":"2018-11-19T06:07:12","slug":"las-derrotas-mas-dolorosas-de-mexico-ante-argentina","status":"publish","type":"post","link":"https:\/\/plazajuarez.mx\/historico\/las-derrotas-mas-dolorosas-de-mexico-ante-argentina\/","title":{"rendered":"LAS DERROTAS M\u00c1S DOLOROSAS DE M\u00c9XICO ANTE ARGENTINA"},"content":{"rendered":"<p><span style=\"font-weight: 400;\">A lo largo de la historia, el Tri la ha pasado mal ante la Albiceleste. Aqu\u00ed te dejamos las derrotas m\u00e1s dolorosas en los torneos oficiales<\/span><\/p>\n<p>  <!--more-->  <\/p>\n<p>La Selecci\u00f3n Nacional Mexicana volvi\u00f3 a perder ante Argentina. La historia marca que esto no es nada nuevo, es algo cotidiano caer ante la Albiceleste, pero hay derrotas que duelen m\u00e1s que otras, como \u00e9stas que recordamos.<\/p>\n<p><span style=\"font-weight: 400;\">Argentina 2-1 M\u00e9xico (Copa Am\u00e9rica 1993)<\/span><span style=\"font-weight: 400;\"><br \/><\/span><span style=\"font-weight: 400;\">La Selecci\u00f3n Nacional Mexicana participaba en su primera Copa Am\u00e9rica en Ecuador en 1993. El Tricolor de Miguel Mej\u00eda Bar\u00f3n hab\u00eda dado la gran sorpresa al llegar hasta la final jugando un gran futbol.<\/span><span style=\"font-weight: 400;\"><br \/><\/span><span style=\"font-weight: 400;\">Lleg\u00f3 la final, M\u00e9xico igual\u00f3 el marcador con un gol de Benjam\u00edn Galindo, pero cerca del final Gabriel Batistuta salv\u00f3 a los argentinos y les dio el t\u00edtulo.<\/span><span style=\"font-weight: 400;\"><br \/><\/span><span style=\"font-weight: 400;\">Argentina 2-1 M\u00e9xico (Copa del Mundo 2006)<\/span><span style=\"font-weight: 400;\"><br \/><\/span><span style=\"font-weight: 400;\">\u00daltimos minutos del tiempo extra en los octavos de final de Alemania 2006. El juego hab\u00eda sido una aut\u00e9ntica batalla entre Argentina y M\u00e9xico.<\/span><span style=\"font-weight: 400;\"><br \/><\/span><span style=\"font-weight: 400;\">Em<\/span>pate a uno era el marcador, hasta que Maxi Rodr\u00edguez tom\u00f3 el bal\u00f3n fuera del \u00e1rea, Gonzalo Pineda le dio apenas unos cent\u00edmetros de espacio, suficientes para que sacara un gran disparo que venci\u00f3 a Oswaldo S\u00e1nchez y elimin\u00f3 a la Selecci\u00f3n Nacional dirigida por Ricardo La Volpe.<br \/>Argentina 3-1 M\u00e9xico (Copa del Mundo 2010)<br \/>No hab\u00eda grandes expectativas del grupo mexicano en el Mundial de Sud\u00e1frica y m\u00e1s cuando en octavos de final el rival fue Argentina, todos dieron la derrota como firmada y as\u00ed fue.<br \/>Partido lleno de errores, con la sorpresiva aparici\u00f3n de Adolfo Bautista como titular, un gol de Carlos T\u00e9vez en claro fuera de lugar y una grave falla de Ricardo Osorio que enterr\u00f3 al equipo que dirig\u00eda Javier Aguirre y frente al que estaba al mando de Diego Maradona.<br \/>Argentina 3-0 M\u00e9xico (Copa Am\u00e9rica 2007)<br \/>Hugo S\u00e1nchez llevaba un gran paso al mando del Tricolor en la Copa Am\u00e9rica disputada en Venezuela. Con un gran Nery Castillo como estandarte venci\u00f3 a Brasil, Ecuador y hasta gole\u00f3 a Paraguay.<\/p>\n<p>En semifinales se vio ante Argentina y todo iba bien hasta el final del primer tiempo cuando Oswaldo S\u00e1nchez se equivoc\u00f3 y abri\u00f3 la ventana para la goleada Argentina por 3-0.<\/p>\n<p><strong>Proceso de Ferretti fue importante para darle fogueo a j\u00f3venes: Cant\u00fa<\/strong><\/p>\n<p>Por otro lado, despu\u00e9s del primer partido de la Selecci\u00f3n Mexicana en la fecha FIFA donde cay\u00f3 frente a Argentina en la Ciudad de C\u00f3rdoba, el secretario general deportivo de la Federaci\u00f3n Mexicana de Futbol, Guillermo Cant\u00fa, habl\u00f3 sobre la importancia del corto proceso de Ricardo Ferretti al mando del combinado nacional.<\/p>\n<p>&#8220;Necesito mucho m\u00e1s tiempo para pensar en el t\u00e9cnico ideal, por ahora, Ricardo Ferretti fue importante para darle ese fogueo internacional que necesitan algunos jugadores que pudieron ser parte de esta convocatoria&#8221;, mencion\u00f3 Cant\u00fa.<\/p>\n<p>Por otro lado, cuando se le cuestion\u00f3 sobre la baja de algunos futbolistas que regresaron a sus clubes en Europa, dijo que es importante tenerlos unos d\u00edas para dialogar con ellos sobre el futuro de la selecci\u00f3n.<\/p>\n<p>&#8220;El di\u00e1logo y la comunicaci\u00f3n es clave, y es mejor hacerlo en persona, obviamente el hecho de dialogar con los que vinieron estos partidos es mucho m\u00e1s f\u00e1cil que por tel\u00e9fono, y hacerles saber que nos tomaremos el tiempo necesario para la llegada de un nuevo t\u00e9cnico&#8221;, puntualiz\u00f3.<\/p>\n<p>Por \u00faltimo, Guillermo Cant\u00fa habl\u00f3 sobre lo que se est\u00e1 planeando en el seno tricolor para el siguiente proceso mundialista en el que tendr\u00e1n cuatro a\u00f1os para trabajar.<\/p>\n<p>&#8220;Empezando en enero tendremos cuatro a\u00f1os, un ciclo normal, entonces hemos querido aprovechar, tener partidos con rivales muy importantes&#8221;, finaliz\u00f3 el directivo.<\/p>\n","protected":false},"excerpt":{"rendered":"<p>A lo largo de la historia, el Tri la ha pasado mal ante la Albiceleste. Aqu\u00ed te dejamos las derrotas m\u00e1s dolorosas en los torneos oficiales<\/p>\n","protected":false},"author":6,"featured_media":0,"comment_status":"open","ping_status":"open","sticky":false,"template":"","format":"standard","meta":{"footnotes":""},"categories":[39],"tags":[],"class_list":["post-74319","post","type-post","status-publish","format-standard","hentry","category-deportiva"],"_links":{"self":[{"href":"https:\/\/plazajuarez.mx\/historico\/wp-json\/wp\/v2\/posts\/74319","targetHints":{"allow":["GET"]}}],"collection":[{"href":"https:\/\/plazajuarez.mx\/historico\/wp-json\/wp\/v2\/posts"}],"about":[{"href":"https:\/\/plazajuarez.mx\/historico\/wp-json\/wp\/v2\/types\/post"}],"author":[{"embeddable":true,"href":"https:\/\/plazajuarez.mx\/historico\/wp-json\/wp\/v2\/users\/6"}],"replies":[{"embeddable":true,"href":"https:\/\/plazajuarez.mx\/historico\/wp-json\/wp\/v2\/comments?post=74319"}],"version-history":[{"count":0,"href":"https:\/\/plazajuarez.mx\/historico\/wp-json\/wp\/v2\/posts\/74319\/revisions"}],"wp:attachment":[{"href":"https:\/\/plazajuarez.mx\/historico\/wp-json\/wp\/v2\/media?parent=74319"}],"wp:term":[{"taxonomy":"category","embeddable":true,"href":"https:\/\/plazajuarez.mx\/historico\/wp-json\/wp\/v2\/categories?post=74319"},{"taxonomy":"post_tag","embeddable":true,"href":"https:\/\/plazajuarez.mx\/historico\/wp-json\/wp\/v2\/tags?post=74319"}],"curies":[{"name":"wp","href":"https:\/\/api.w.org\/{rel}","templated":true}]}}