{"id":74317,"date":"2018-11-19T05:59:45","date_gmt":"2018-11-19T05:59:45","guid":{"rendered":"http:\/\/plazajuarez.mx\/index\/index.php\/2018\/11\/19\/a-proceso-una-persona-asegurada-con-armas\/"},"modified":"2018-11-19T05:59:45","modified_gmt":"2018-11-19T05:59:45","slug":"a-proceso-una-persona-asegurada-con-armas","status":"publish","type":"post","link":"https:\/\/plazajuarez.mx\/historico\/a-proceso-una-persona-asegurada-con-armas\/","title":{"rendered":"A PROCESO UNA PERSONA ASEGURADA CON ARMAS"},"content":{"rendered":"<p>\u00a0<\/p>\n<p><span style=\"font-weight: 400;\">Auto de vinculaci\u00f3n a proceso contra una persona por los delitos portaci\u00f3n de arma de fuego sin licencia y portaci\u00f3n de uso Exclusivo del Ej\u00e9rcito, Armada y Fuerza A\u00e9rea.<\/span><\/p>\n<p>  <!--more-->  <\/p>\n<p><span style=\"font-weight: 400;\">Mediante la emisi\u00f3n de un comunicado oficial, la Procuradur\u00eda General de la Rep\u00fablica (PGR), a trav\u00e9s de la Delegaci\u00f3n estatal en Hidalgo, dio a conocer que se obtuvo del Juzgado Especializado en el Sistema Penal Acusatorio, auto de vinculaci\u00f3n a proceso contra una persona por los delitos portaci\u00f3n de arma de fuego sin licencia y portaci\u00f3n de uso Exclusivo del Ej\u00e9rcito, Armada y Fuerza A\u00e9rea.<\/span><\/p>\n<p><span style=\"font-weight: 400;\">As\u00ed mismo se destaca que elementos de la Secretar\u00eda de la Defensa Nacional (SEDENA), se encontraban circulando en la localidad Guadalupe Victoria, en el municipio de Cuautepec de Hinojosa, Hidalgo, cuando repentinamente se percataron de un sujeto que llevaba consigo un arma de fuego dentro de una camioneta en la que se encontraba, por lo que solicitaron bajara del veh\u00edculo, para realizar una inspecci\u00f3n a la misma, a lo cual el individuo accedi\u00f3.<\/span><\/p>\n<p><span style=\"font-weight: 400;\">Fue al realizar la revisi\u00f3n al automotor, como los elementos aprehensores localizaron un arma de fuego tipo pistola, calibre .380, con cargador y cinco cartuchos calibre .380, as\u00ed mismo, un arma de fuego tipo carabina, calibre .223, con un cargador abastecido con 28 cartuchos \u00fatiles; por lo que fue puesto a disposici\u00f3n del Ministerio P\u00fablico de la Federaci\u00f3n.<\/span><\/p>\n<p><span style=\"font-weight: 400;\">Adem\u00e1s se dej\u00f3 en claro que una vez concluida la integraci\u00f3n de la carpeta de investigaci\u00f3n, el Juez de Control, calific\u00f3 de legal la detenci\u00f3n del imputado y dict\u00f3 auto de vinculaci\u00f3n a proceso, estableciendo como medidas cautelares presentaci\u00f3n peri\u00f3dica dos veces al mes ante el Centro de Justicia Penal Federal y garant\u00eda econ\u00f3mica, dando un plazo de tres meses para el cierre de investigaci\u00f3n.<\/span><\/p>\n<p><span style=\"font-weight: 400;\">Finalmente se asevera que con acciones como esta, la Procuradur\u00eda General de la Rep\u00fablica reitera su compromiso de brindar certidumbre jur\u00eddica a la sociedad.<\/span><\/p>\n","protected":false},"excerpt":{"rendered":"<p>\u00a0 Auto de vinculaci\u00f3n a proceso contra una persona por los delitos portaci\u00f3n de arma de fuego sin licencia y portaci\u00f3n de uso Exclusivo del Ej\u00e9rcito, Armada y Fuerza A\u00e9rea.<\/p>\n","protected":false},"author":6,"featured_media":0,"comment_status":"open","ping_status":"open","sticky":false,"template":"","format":"standard","meta":{"footnotes":""},"categories":[37],"tags":[],"class_list":["post-74317","post","type-post","status-publish","format-standard","hentry","category-barandilla"],"_links":{"self":[{"href":"https:\/\/plazajuarez.mx\/historico\/wp-json\/wp\/v2\/posts\/74317","targetHints":{"allow":["GET"]}}],"collection":[{"href":"https:\/\/plazajuarez.mx\/historico\/wp-json\/wp\/v2\/posts"}],"about":[{"href":"https:\/\/plazajuarez.mx\/historico\/wp-json\/wp\/v2\/types\/post"}],"author":[{"embeddable":true,"href":"https:\/\/plazajuarez.mx\/historico\/wp-json\/wp\/v2\/users\/6"}],"replies":[{"embeddable":true,"href":"https:\/\/plazajuarez.mx\/historico\/wp-json\/wp\/v2\/comments?post=74317"}],"version-history":[{"count":0,"href":"https:\/\/plazajuarez.mx\/historico\/wp-json\/wp\/v2\/posts\/74317\/revisions"}],"wp:attachment":[{"href":"https:\/\/plazajuarez.mx\/historico\/wp-json\/wp\/v2\/media?parent=74317"}],"wp:term":[{"taxonomy":"category","embeddable":true,"href":"https:\/\/plazajuarez.mx\/historico\/wp-json\/wp\/v2\/categories?post=74317"},{"taxonomy":"post_tag","embeddable":true,"href":"https:\/\/plazajuarez.mx\/historico\/wp-json\/wp\/v2\/tags?post=74317"}],"curies":[{"name":"wp","href":"https:\/\/api.w.org\/{rel}","templated":true}]}}