{"id":73885,"date":"2018-11-12T16:18:51","date_gmt":"2018-11-12T16:18:51","guid":{"rendered":"http:\/\/plazajuarez.mx\/index\/index.php\/2018\/11\/12\/comparece-mauricio-delmar-ante-la-comision-de-seguridad-ciudadana-y-justicia\/"},"modified":"2018-11-12T16:18:51","modified_gmt":"2018-11-12T16:18:51","slug":"comparece-mauricio-delmar-ante-la-comision-de-seguridad-ciudadana-y-justicia","status":"publish","type":"post","link":"https:\/\/plazajuarez.mx\/historico\/comparece-mauricio-delmar-ante-la-comision-de-seguridad-ciudadana-y-justicia\/","title":{"rendered":"Comparece Mauricio Delmar ante la Comisi\u00f3n de Seguridad Ciudadana y Justicia"},"content":{"rendered":"<p>Comparecencia de la Secretar\u00eda de Seguridad P\u00fablica de Hidalgo que encabeza Mauricio Delmar Saavedra, ante la Comisi\u00f3n de Seguridad Ciudadana y Justicia que preside el diputado V\u00edctor Osmind Guerrero Trejo, en el marco de la glosa del segundo informe de actividades de la administraci\u00f3n p\u00fablica de Hidalgo.<\/p>\n<p>  <!--more-->  <\/p>\n<p>\u00a0<\/p>\n<p><center><iframe loading=\"lazy\" src=\"https:\/\/www.facebook.com\/plugins\/video.php?href=https%3A%2F%2Fwww.facebook.com%2Fdiarioplazajuarez%2Fvideos%2F2449879915027870%2F&#038;show_text=0&#038;width=560\" width=\"560\" height=\"315\" style=\"border:none;overflow:hidden\" scrolling=\"no\" frameborder=\"0\" allowTransparency=\"true\" allowFullScreen=\"true\"><\/iframe><\/center><\/p>\n","protected":false},"excerpt":{"rendered":"<p>Comparecencia de la Secretar\u00eda de Seguridad P\u00fablica de Hidalgo que encabeza Mauricio Delmar Saavedra, ante la Comisi\u00f3n de Seguridad Ciudadana y Justicia que preside el diputado V\u00edctor Osmind Guerrero Trejo, en el marco de la glosa del segundo informe de actividades de la administraci\u00f3n p\u00fablica de Hidalgo.<\/p>\n","protected":false},"author":6,"featured_media":0,"comment_status":"open","ping_status":"open","sticky":false,"template":"","format":"standard","meta":{"footnotes":""},"categories":[59],"tags":[],"class_list":["post-73885","post","type-post","status-publish","format-standard","hentry","category-general"],"_links":{"self":[{"href":"https:\/\/plazajuarez.mx\/historico\/wp-json\/wp\/v2\/posts\/73885","targetHints":{"allow":["GET"]}}],"collection":[{"href":"https:\/\/plazajuarez.mx\/historico\/wp-json\/wp\/v2\/posts"}],"about":[{"href":"https:\/\/plazajuarez.mx\/historico\/wp-json\/wp\/v2\/types\/post"}],"author":[{"embeddable":true,"href":"https:\/\/plazajuarez.mx\/historico\/wp-json\/wp\/v2\/users\/6"}],"replies":[{"embeddable":true,"href":"https:\/\/plazajuarez.mx\/historico\/wp-json\/wp\/v2\/comments?post=73885"}],"version-history":[{"count":0,"href":"https:\/\/plazajuarez.mx\/historico\/wp-json\/wp\/v2\/posts\/73885\/revisions"}],"wp:attachment":[{"href":"https:\/\/plazajuarez.mx\/historico\/wp-json\/wp\/v2\/media?parent=73885"}],"wp:term":[{"taxonomy":"category","embeddable":true,"href":"https:\/\/plazajuarez.mx\/historico\/wp-json\/wp\/v2\/categories?post=73885"},{"taxonomy":"post_tag","embeddable":true,"href":"https:\/\/plazajuarez.mx\/historico\/wp-json\/wp\/v2\/tags?post=73885"}],"curies":[{"name":"wp","href":"https:\/\/api.w.org\/{rel}","templated":true}]}}