{"id":73872,"date":"2018-11-12T14:40:22","date_gmt":"2018-11-12T14:40:22","guid":{"rendered":"http:\/\/plazajuarez.mx\/index\/index.php\/2018\/11\/12\/el-futuro-del-ex-presidente-felipe-calderon\/"},"modified":"2018-11-12T14:40:22","modified_gmt":"2018-11-12T14:40:22","slug":"el-futuro-del-ex-presidente-felipe-calderon","status":"publish","type":"post","link":"https:\/\/plazajuarez.mx\/historico\/el-futuro-del-ex-presidente-felipe-calderon\/","title":{"rendered":"El futuro del ex presidente Felipe Calder\u00f3n"},"content":{"rendered":"<p>Bajo Reserva Expr\u00e9s<\/p>\n<p>  <!--more-->  <\/p>\n<p>Nos hacen ver algunos panistas que despu\u00e9s de varias advertencias por fin se definir\u00e1 si el ex presidente Felipe Calder\u00f3n deja o no el PAN, aunque recuerdan que en los hechos don Felipe manten\u00eda ya desde hace tiempo lejan\u00eda del partido que lo llev\u00f3 a la Presidencia de M\u00e9xico.<br \/>Calder\u00f3n dijo que dependiendo de los resultados que salgan de las urnas de la contienda interna del blanquiazul por la dirigencia nacional, es que tomar\u00e1 la decisi\u00f3n de continuar como militante de Acci\u00f3n Nacional o de irse para formar un nuevo instituto pol\u00edtico.<br \/>Pero nos recuerdan que a\u00fan cuando el ex mandatario sigue siendo panista, desde que ninguno de sus cercanos dirige el PAN viene diciendo que se va a ir del partido, basta con recordar sus cr\u00edticas al entonces l\u00edder nacional, Gustavo Madero, que lo llev\u00f3 a tener fuerte diferencias con quien fuera su director del IMSS, Juan Molinar Horcasitas, y despu\u00e9s con la llegada de Ricardo Anaya a la dirigencia azul, quien oper\u00f3 para dejar a Margarita Zavala sin posibilidades de obtener la candidatura presidencial panista en las pasadas elecciones de este a\u00f1o.<br \/>As\u00ed que en breve don Felipe podr\u00eda hacer validas sus advertencias y esta vez s\u00ed dejar las filas del PAN.<\/p>\n","protected":false},"excerpt":{"rendered":"<p>Bajo Reserva Expr\u00e9s<\/p>\n","protected":false},"author":93,"featured_media":0,"comment_status":"open","ping_status":"open","sticky":false,"template":"","format":"standard","meta":{"footnotes":""},"categories":[42],"tags":[],"class_list":["post-73872","post","type-post","status-publish","format-standard","hentry","category-nuestrapalabra"],"_links":{"self":[{"href":"https:\/\/plazajuarez.mx\/historico\/wp-json\/wp\/v2\/posts\/73872","targetHints":{"allow":["GET"]}}],"collection":[{"href":"https:\/\/plazajuarez.mx\/historico\/wp-json\/wp\/v2\/posts"}],"about":[{"href":"https:\/\/plazajuarez.mx\/historico\/wp-json\/wp\/v2\/types\/post"}],"author":[{"embeddable":true,"href":"https:\/\/plazajuarez.mx\/historico\/wp-json\/wp\/v2\/users\/93"}],"replies":[{"embeddable":true,"href":"https:\/\/plazajuarez.mx\/historico\/wp-json\/wp\/v2\/comments?post=73872"}],"version-history":[{"count":0,"href":"https:\/\/plazajuarez.mx\/historico\/wp-json\/wp\/v2\/posts\/73872\/revisions"}],"wp:attachment":[{"href":"https:\/\/plazajuarez.mx\/historico\/wp-json\/wp\/v2\/media?parent=73872"}],"wp:term":[{"taxonomy":"category","embeddable":true,"href":"https:\/\/plazajuarez.mx\/historico\/wp-json\/wp\/v2\/categories?post=73872"},{"taxonomy":"post_tag","embeddable":true,"href":"https:\/\/plazajuarez.mx\/historico\/wp-json\/wp\/v2\/tags?post=73872"}],"curies":[{"name":"wp","href":"https:\/\/api.w.org\/{rel}","templated":true}]}}