{"id":73870,"date":"2018-11-12T14:39:55","date_gmt":"2018-11-12T14:39:55","guid":{"rendered":"http:\/\/plazajuarez.mx\/index\/index.php\/2018\/11\/12\/grandes-voces-en-la-biblioteca-panamericana-del-sonido\/"},"modified":"2018-11-12T14:39:55","modified_gmt":"2018-11-12T14:39:55","slug":"grandes-voces-en-la-biblioteca-panamericana-del-sonido","status":"publish","type":"post","link":"https:\/\/plazajuarez.mx\/historico\/grandes-voces-en-la-biblioteca-panamericana-del-sonido\/","title":{"rendered":"Grandes voces, en la Biblioteca Panamericana del Sonido"},"content":{"rendered":"<p>La Fonoteca Nacional hall\u00f3 grabaciones que Bonifacio Fern\u00e1ndez Aldana hizo de Villaurrutia, Manuel M. Ponce y otras personalidades<\/p>\n<p>  <!--more-->  <\/p>\n<p>La Biblioteca Panamericana del Sonido fue el proyecto m\u00e1s anhelado de Bonifacio Fern\u00e1ndez Aldana. Ese espa\u00f1ol que se exili\u00f3 en M\u00e9xico en 1939 y del que poco se sabe \u2014salvo que muri\u00f3 en 1964\u2014 era un amante de los sonidos de Am\u00e9rica que buscaba preservar las voces de las personalidades m\u00e1s importantes del continente, como la de Manuel M. Ponce, Mariano Azuela, Mart\u00edn Luis Guzm\u00e1n, Enrique Gonz\u00e1lez Mart\u00ednez, Carlos Pellicer, Salvador Novo, y Xavier Villaurrutia, una voz que hasta hoy era desconocida.<br \/>Hace unos meses, la Fonoteca Nacional, que dirige Ernesto Vel\u00e1zquez, hall\u00f3 la grabaci\u00f3n de un programa radiof\u00f3nico de 1957, en la XEW, donde el propio Bonifacio Fern\u00e1ndez Aldana es entrevistado por \u00c1lvaro G\u00e1lvez y Fuentes, el c\u00e9lebre conductor de radio, mejor conocido como &#8220;El bachiller&#8221;, y en ese programa de 28 minutos el espa\u00f1ol exiliado en M\u00e9xico habla de su acariciado proyecto de la Biblioteca Panamericana del Sonido, mientras alterna sus comentarios con fragmentos de algunas de las grabaciones que ha hecho, entre ellas la lectura de la obra literaria, en propia voz, de escritores como Xavier Villaurrutia, a quien, con su voz juvenil, se le escucha recitar &#8220;Nocturna Rosa&#8221;.<br \/>A Bonifacio Fern\u00e1ndez Aldana se le considera el precursor de la Fonoteca Nacional de M\u00e9xico, porque su af\u00e1n era grabar para preservar voces, programas de radio y m\u00fasica del continente americano para as\u00ed conformar una biblioteca panamericana. &#8220;La Biblioteca Panamericana del Sonido la comenc\u00e9 aqu\u00ed en M\u00e9xico en 1939 con el fin de conservar, preserv\u00e1ndolas del tiempo, las voces de las personalidades m\u00e1s importantes del presente para la posteridad&#8221;, se\u00f1alaba Fern\u00e1ndez Aldana en aquella entrevista de 1957 con G\u00e1lvez y Fuentes.<br \/>A Bonifacio Fern\u00e1ndez se le escucha claramente en la grabaci\u00f3n que la Fonoteca Nacional ha recuperado de entre las 254 cintas de la colecci\u00f3n de \u00c1lvaro G\u00e1lvez y Fuentes. Se trata del programa n\u00famero 25 que forma parte de la serie &#8220;Donde menos lo espere&#8221;, que transmiti\u00f3 la XEW entre 1953 y 1957. Su voz se alterna con los versos de poetas. En la cinta se escuchan fragmentos de Xavier Villaurrutia, recitando &#8220;Nocturna Rosa&#8221;; a Enrique Gonz\u00e1lez Mart\u00ednez con &#8220;Soneto ante la jaula&#8221;; a Carlos Pellicer leyendo &#8220;Junio se lleva ahora&#8221;; a Salvador Novo, quien recita: &#8220;Al poema conf\u00edo la pena de perderte&#8221; o a Ricardo de Alc\u00e1zar (Florisel) recitando un verso dedicado a Dolores del R\u00edo, titulado &#8220;La se\u00f1orita del aire&#8221;.<br \/>Hasta ahora es el \u00fanico material que la Fonoteca ha encontrado, pero en la investigaci\u00f3n que est\u00e1 en curso se ha confirmado que Fern\u00e1ndez Aldana grab\u00f3 a muchos otros escritores leyendo su obra, lo hizo 20 a\u00f1os antes de que en los 60 la UNAM iniciara &#8220;Voz viva de M\u00e9xico&#8221;.<\/p>\n<p><\/p>\n","protected":false},"excerpt":{"rendered":"<p>La Fonoteca Nacional hall\u00f3 grabaciones que Bonifacio Fern\u00e1ndez Aldana hizo de Villaurrutia, Manuel M. Ponce y otras personalidades<\/p>\n","protected":false},"author":93,"featured_media":0,"comment_status":"open","ping_status":"open","sticky":false,"template":"","format":"standard","meta":{"footnotes":""},"categories":[41],"tags":[],"class_list":["post-73870","post","type-post","status-publish","format-standard","hentry","category-arteria-cultural"],"_links":{"self":[{"href":"https:\/\/plazajuarez.mx\/historico\/wp-json\/wp\/v2\/posts\/73870","targetHints":{"allow":["GET"]}}],"collection":[{"href":"https:\/\/plazajuarez.mx\/historico\/wp-json\/wp\/v2\/posts"}],"about":[{"href":"https:\/\/plazajuarez.mx\/historico\/wp-json\/wp\/v2\/types\/post"}],"author":[{"embeddable":true,"href":"https:\/\/plazajuarez.mx\/historico\/wp-json\/wp\/v2\/users\/93"}],"replies":[{"embeddable":true,"href":"https:\/\/plazajuarez.mx\/historico\/wp-json\/wp\/v2\/comments?post=73870"}],"version-history":[{"count":0,"href":"https:\/\/plazajuarez.mx\/historico\/wp-json\/wp\/v2\/posts\/73870\/revisions"}],"wp:attachment":[{"href":"https:\/\/plazajuarez.mx\/historico\/wp-json\/wp\/v2\/media?parent=73870"}],"wp:term":[{"taxonomy":"category","embeddable":true,"href":"https:\/\/plazajuarez.mx\/historico\/wp-json\/wp\/v2\/categories?post=73870"},{"taxonomy":"post_tag","embeddable":true,"href":"https:\/\/plazajuarez.mx\/historico\/wp-json\/wp\/v2\/tags?post=73870"}],"curies":[{"name":"wp","href":"https:\/\/api.w.org\/{rel}","templated":true}]}}