{"id":73696,"date":"2018-11-09T14:51:43","date_gmt":"2018-11-09T14:51:43","guid":{"rendered":"http:\/\/plazajuarez.mx\/index\/index.php\/2018\/11\/09\/terry-gilliam-da-inicio-al-festival-de-cine-de-los-cabos\/"},"modified":"2018-11-09T14:51:43","modified_gmt":"2018-11-09T14:51:43","slug":"terry-gilliam-da-inicio-al-festival-de-cine-de-los-cabos","status":"publish","type":"post","link":"https:\/\/plazajuarez.mx\/historico\/terry-gilliam-da-inicio-al-festival-de-cine-de-los-cabos\/","title":{"rendered":"Terry Gilliam da inicio al Festival de cine de Los Cabos"},"content":{"rendered":"<p>\u00a0\u00a0\u00a0 \u2022\u00a0\u00a0 \u00a0El realizador recibi\u00f3 un homenaje por su trayectoria y presentar\u00e1 su nueva cinta \u201cThe man who killed Don Quijote\u201d\u2028<\/p>\n<p>  <!--more-->  <\/p>\n<p>El director de culto, Terry Guilliam, fue el encargado de dar inicio a las actividades del Festival de cine de Los Cabos, con un proyecto fundamental en su vida y carrera profesional, la cinta The man who killed Don Quijote, en la cual ha invertido casi 30 a\u00f1os de su vida. <\/p>\n<p>Visiblemente contento y relajado, el realizador de cintas como Brazil y 12 Monos, dijo que a pesar de que se siente muy honrado por el reconocimiento a su trayectoria, lo que realmente lo tiene un nuestro pa\u00eds es el estreno de la cinta que mezcla acci\u00f3n y comedia y que esta inspirada en el texto de Miguel de Cervantes.<\/p>\n<p>\u201cEstoy aqu\u00ed porque los distribuidores me dicen que estrenar\u00e1 el 14 diciembre. No puedo esperar a ver como la recibir\u00e1 la audiencia en este pa\u00eds. La hemos mostrado en muchos lugares del mundo y hay que decir que es una cinta inteligente, no es una cinta de Marvel, tiene a personas reales y emociones reales\u201d, dijo el realizador a \u00a1hey! momentos antes de recibir un homenaje en la gala de apertura del festival.<\/p>\n<p>Personalidades de la industria como Veronica Langer, Julio Bracho y Dario Yazbek desfilaron por la alfombra roja para formar parte del festival que busca fomentar el intercambio cultural y de negocios v\u00eda la cinematograf\u00eda en Am\u00e9rica del Norte.<\/p>\n<p><\/p>\n","protected":false},"excerpt":{"rendered":"<p>\u00a0\u00a0\u00a0 \u2022\u00a0\u00a0 \u00a0El realizador recibi\u00f3 un homenaje por su trayectoria y presentar\u00e1 su nueva cinta \u201cThe man who killed Don Quijote\u201d\u2028<\/p>\n","protected":false},"author":93,"featured_media":0,"comment_status":"open","ping_status":"open","sticky":false,"template":"","format":"standard","meta":{"footnotes":""},"categories":[38],"tags":[],"class_list":["post-73696","post","type-post","status-publish","format-standard","hentry","category-show"],"_links":{"self":[{"href":"https:\/\/plazajuarez.mx\/historico\/wp-json\/wp\/v2\/posts\/73696","targetHints":{"allow":["GET"]}}],"collection":[{"href":"https:\/\/plazajuarez.mx\/historico\/wp-json\/wp\/v2\/posts"}],"about":[{"href":"https:\/\/plazajuarez.mx\/historico\/wp-json\/wp\/v2\/types\/post"}],"author":[{"embeddable":true,"href":"https:\/\/plazajuarez.mx\/historico\/wp-json\/wp\/v2\/users\/93"}],"replies":[{"embeddable":true,"href":"https:\/\/plazajuarez.mx\/historico\/wp-json\/wp\/v2\/comments?post=73696"}],"version-history":[{"count":0,"href":"https:\/\/plazajuarez.mx\/historico\/wp-json\/wp\/v2\/posts\/73696\/revisions"}],"wp:attachment":[{"href":"https:\/\/plazajuarez.mx\/historico\/wp-json\/wp\/v2\/media?parent=73696"}],"wp:term":[{"taxonomy":"category","embeddable":true,"href":"https:\/\/plazajuarez.mx\/historico\/wp-json\/wp\/v2\/categories?post=73696"},{"taxonomy":"post_tag","embeddable":true,"href":"https:\/\/plazajuarez.mx\/historico\/wp-json\/wp\/v2\/tags?post=73696"}],"curies":[{"name":"wp","href":"https:\/\/api.w.org\/{rel}","templated":true}]}}