{"id":73322,"date":"2018-11-02T20:16:37","date_gmt":"2018-11-02T20:16:37","guid":{"rendered":"http:\/\/plazajuarez.mx\/index\/index.php\/2018\/11\/02\/tras-7-horas-de-negociacion-baja-hombre-de-antena-en-la-cdmx\/"},"modified":"2018-11-02T20:16:37","modified_gmt":"2018-11-02T20:16:37","slug":"tras-7-horas-de-negociacion-baja-hombre-de-antena-en-la-cdmx","status":"publish","type":"post","link":"https:\/\/plazajuarez.mx\/historico\/tras-7-horas-de-negociacion-baja-hombre-de-antena-en-la-cdmx\/","title":{"rendered":"Tras 7 horas de negociaci\u00f3n, baja hombre de antena en la CDMX"},"content":{"rendered":"<p style=\"text-align: justify;\"><span style=\"font-weight: 400;\">El hombre fue trasladado a un hospital para ser valorado.<\/span><\/p>\n<p>  <!--more-->  <\/p>\n<p style=\"text-align: justify;\"><span style=\"font-weight: 400;\">Tras casi siete horas de di\u00e1logo con elementos del Escuadr\u00f3n de Rescate y Urgencias M\u00e9dicas (ERUM), Sergio, el hombre que se subi\u00f3 a una antena ubicada en edificio de la calle de Madero, en el Centro Hist\u00f3rico, finalmente decidi\u00f3 bajar.<\/span><\/p>\n<p style=\"text-align: justify;\"><span style=\"font-weight: 400;\">Al salir del edificio para abordar una ambulancia que lo trasladar\u00eda a un hospital para ser valorado, Sergio fue acompa\u00f1ado por el titular de la Secretar\u00eda de Seguridad P\u00fablica de la capital, Raymundo Collins.<\/span><\/p>\n<p style=\"text-align: justify;\"><span style=\"font-weight: 400;\">Collins indic\u00f3 que fueron los elementos del ERUM quienes realizaron su trabajo, pero le toc\u00f3 a \u00e9l subir por el individuo para persuadirlo de que bajara.<\/span><\/p>\n<p style=\"text-align: justify;\"><span style=\"font-weight: 400;\">&#8220;Estaba muy espantado. Lo mandamos al ERUM. Le dije que nadie lo iba a tocar&#8221;, extern\u00f3 el funcionario capitalino.<\/span><\/p>\n","protected":false},"excerpt":{"rendered":"<p>El hombre fue trasladado a un hospital para ser valorado.<\/p>\n","protected":false},"author":1,"featured_media":0,"comment_status":"open","ping_status":"open","sticky":false,"template":"","format":"standard","meta":{"footnotes":""},"categories":[37],"tags":[],"class_list":["post-73322","post","type-post","status-publish","format-standard","hentry","category-barandilla"],"_links":{"self":[{"href":"https:\/\/plazajuarez.mx\/historico\/wp-json\/wp\/v2\/posts\/73322","targetHints":{"allow":["GET"]}}],"collection":[{"href":"https:\/\/plazajuarez.mx\/historico\/wp-json\/wp\/v2\/posts"}],"about":[{"href":"https:\/\/plazajuarez.mx\/historico\/wp-json\/wp\/v2\/types\/post"}],"author":[{"embeddable":true,"href":"https:\/\/plazajuarez.mx\/historico\/wp-json\/wp\/v2\/users\/1"}],"replies":[{"embeddable":true,"href":"https:\/\/plazajuarez.mx\/historico\/wp-json\/wp\/v2\/comments?post=73322"}],"version-history":[{"count":0,"href":"https:\/\/plazajuarez.mx\/historico\/wp-json\/wp\/v2\/posts\/73322\/revisions"}],"wp:attachment":[{"href":"https:\/\/plazajuarez.mx\/historico\/wp-json\/wp\/v2\/media?parent=73322"}],"wp:term":[{"taxonomy":"category","embeddable":true,"href":"https:\/\/plazajuarez.mx\/historico\/wp-json\/wp\/v2\/categories?post=73322"},{"taxonomy":"post_tag","embeddable":true,"href":"https:\/\/plazajuarez.mx\/historico\/wp-json\/wp\/v2\/tags?post=73322"}],"curies":[{"name":"wp","href":"https:\/\/api.w.org\/{rel}","templated":true}]}}