{"id":73315,"date":"2018-11-02T20:02:10","date_gmt":"2018-11-02T20:02:10","guid":{"rendered":"http:\/\/plazajuarez.mx\/index\/index.php\/2018\/11\/02\/la-piel-es-el-organo-mas-afectado-por-el-frio-imss\/"},"modified":"2018-11-02T20:02:10","modified_gmt":"2018-11-02T20:02:10","slug":"la-piel-es-el-organo-mas-afectado-por-el-frio-imss","status":"publish","type":"post","link":"https:\/\/plazajuarez.mx\/historico\/la-piel-es-el-organo-mas-afectado-por-el-frio-imss\/","title":{"rendered":"LA PIEL ES  EL \u00d3RGANO M\u00c1S AFECTADO POR EL FR\u00cdO: IMSS"},"content":{"rendered":"<p style=\"text-align: justify;\"><span style=\"font-weight: 400; font-size: 10pt;\">Uno de los factores que m\u00e1s afecta de manera directa a la piel es el consumo de alcohol o tabaco.<\/span><\/p>\n<p>  <!--more-->  <\/p>\n<p style=\"text-align: justify;\"><span style=\"font-weight: 400; font-size: 10pt;\">\u201cLa piel es de los \u00f3rganos que m\u00e1s se ve afectado con el cambio de clima, es por eso que es necesario tomar medidas preventivas para que no tenga consecuencias graves e incluso da\u00f1os permanentes\u201d, inform\u00f3 el Instituto Mexicano del Seguro Social (IMSS) de Hidalgo. <\/span><\/p>\n<p style=\"text-align: justify;\"><span style=\"font-weight: 400; font-size: 10pt;\">Debido a que el fr\u00edo contrae los vasos capilares, evitando que el ox\u00edgeno llegue naturalmente a la dermis, es muy probable que se acumulen c\u00e9lulas muertas, por lo que la piel tiende a resecarse, opacarse e incluso a aumentar su sensibilidad. <\/span><\/p>\n<p style=\"text-align: justify;\"><span style=\"font-size: 10pt;\"><span style=\"font-weight: 400;\">La c<\/span><span style=\"font-weight: 400;\">oordinadora auxiliar p\u00fablica del IMSS, Elvia Elvira Escobar Beristain, dijo que es importante estar hidratados adecuadamente, evitar ba\u00f1os con agua demasiado caliente, ya que aumenta la resequedad, y sobre todo estar protegidos con guantes o ropa de manga larga para evitar que la temperatura baje m\u00e1s de lo normal. <\/span><\/span><\/p>\n<p style=\"text-align: justify;\"><span style=\"font-weight: 400; font-size: 10pt;\">Uno de los factores que m\u00e1s afecta de manera directa a la piel es el consumo de alcohol o tabaco, ya que generan radicales libres y resecan de manera autom\u00e1tica, ya que la grasa disminuye de manera exponencial haciendo que el agua de la epidermis se evapore quedando \u00e1spera y estirada. <\/span><span style=\"font-size: 10pt;\">\u00a0<\/span><\/p>\n<p style=\"text-align: justify;\"><span style=\"font-weight: 400; font-size: 10pt;\">Sin embargo, la piel m\u00e1s desprotegida es la del rostro, en especial los labios al tener contacto con l\u00edquidos de diferente temperatura e incluso la hidrataci\u00f3n tiende a cambiar durante la \u00e9poca invernal, es por eso que se recomienda aplicar cacao natural y evitar dejar residuos de l\u00edquido para que no se seque r\u00e1pidamente. <\/span><\/p>\n<p style=\"text-align: justify;\"><span style=\"font-weight: 400; font-size: 10pt;\">Existen casos extremos en los que la resequedad pasa a irritaci\u00f3n y es necesario acudir a un especialista para tener un tratamiento adecuado, por lo que se recomienda a la poblaci\u00f3n a acudir a sus Unidad de Medicina Familiar m\u00e1s cercana para recibir la informaci\u00f3n adecuada as\u00ed como para evitar que la piel se agriete o en un caso mayor se tenga irritaciones dif\u00edciles de controlar. <\/span><\/p>\n","protected":false},"excerpt":{"rendered":"<p>Uno de los factores que m\u00e1s afecta de manera directa a la piel es el consumo de alcohol o tabaco.<\/p>\n","protected":false},"author":1,"featured_media":0,"comment_status":"open","ping_status":"open","sticky":false,"template":"","format":"standard","meta":{"footnotes":""},"categories":[59],"tags":[],"class_list":["post-73315","post","type-post","status-publish","format-standard","hentry","category-general"],"_links":{"self":[{"href":"https:\/\/plazajuarez.mx\/historico\/wp-json\/wp\/v2\/posts\/73315","targetHints":{"allow":["GET"]}}],"collection":[{"href":"https:\/\/plazajuarez.mx\/historico\/wp-json\/wp\/v2\/posts"}],"about":[{"href":"https:\/\/plazajuarez.mx\/historico\/wp-json\/wp\/v2\/types\/post"}],"author":[{"embeddable":true,"href":"https:\/\/plazajuarez.mx\/historico\/wp-json\/wp\/v2\/users\/1"}],"replies":[{"embeddable":true,"href":"https:\/\/plazajuarez.mx\/historico\/wp-json\/wp\/v2\/comments?post=73315"}],"version-history":[{"count":0,"href":"https:\/\/plazajuarez.mx\/historico\/wp-json\/wp\/v2\/posts\/73315\/revisions"}],"wp:attachment":[{"href":"https:\/\/plazajuarez.mx\/historico\/wp-json\/wp\/v2\/media?parent=73315"}],"wp:term":[{"taxonomy":"category","embeddable":true,"href":"https:\/\/plazajuarez.mx\/historico\/wp-json\/wp\/v2\/categories?post=73315"},{"taxonomy":"post_tag","embeddable":true,"href":"https:\/\/plazajuarez.mx\/historico\/wp-json\/wp\/v2\/tags?post=73315"}],"curies":[{"name":"wp","href":"https:\/\/api.w.org\/{rel}","templated":true}]}}