{"id":73254,"date":"2018-11-01T12:49:22","date_gmt":"2018-11-01T12:49:22","guid":{"rendered":"http:\/\/plazajuarez.mx\/index\/index.php\/2018\/11\/01\/deportes-internacional-180\/"},"modified":"2018-11-01T12:49:22","modified_gmt":"2018-11-01T12:49:22","slug":"deportes-internacional-180","status":"publish","type":"post","link":"https:\/\/plazajuarez.mx\/historico\/deportes-internacional-180\/","title":{"rendered":"Deportes Internacional"},"content":{"rendered":"<p>MASTERS DE PAR\u00cdS <\/p>\n<p>Rafael Nadal se retira por lesi\u00f3n <\/p>\n<p>\u00a0\u00a0 \u00a0\u2022\u00a0\u00a0 \u00a0El tenista espa\u00f1ol abandona la competencia por lesi\u00f3n, Novak Djokovic ser\u00e1 el nuevo n\u00famero uno\u2028<\/p>\n<p>  <!--more-->  <\/p>\n<p>Rafael Nadal se retir\u00f3 del Masters de Par\u00eds, poco antes de hacer su debut en la segunda ronda el mi\u00e9rcoles, debido a un dolor abdominal, lo que implica que Novak Djokovic recuperar\u00e1 el n\u00famero uno del ranking a partir de la pr\u00f3xima semana.<\/p>\n<p>Nadal iba a reaparecer en el circuito tras la lesi\u00f3n en la rodilla derecha que le oblig\u00f3 retirarse de su semifinal del Abierto de Estados Unidos ante el argentino Juan Mart\u00edn del Potro, a inicios de septiembre. Pero acat\u00f3 una recomendaci\u00f3n de los m\u00e9dicos de que arriesgado salir a jugar contra su compatriota espa\u00f1ol Fernando Verdasco.<\/p>\n<p>El campe\u00f3n de 17 torneos de Grand Slam explic\u00f3 que sinti\u00f3 dolor abdominal \u201cespecialmente\u201d al sacar. \u201cEl doctor me ha recomendado no jugar, porque corro el riesgo de que se rompa y puede ser algo m\u00e1s grave\u201d, a\u00f1adi\u00f3.<\/p>\n<p>Nadal no aclar\u00f3 si competir\u00e1 en la Copa Masters de fin de a\u00f1o, que se disputar\u00e1 en Londres desde el 11 de noviembre.<\/p>\n<p>Djokovic, quien gan\u00f3 su partido de segunda ronda el martes, desplazar\u00e1 a Nadal de la cima el lunes. Por su parte, Roger Federer avanz\u00f3 a la tercera ronda cuando el canadiense Milos Raonic se retir\u00f3 por una dolencia en el codo derecho.<\/p>\n<p>*************************<br \/>NBA <\/p>\n<p>KOBE BRYANT, EMBAJADOR DE LA COPA MUNDIAL DE CHINA <\/p>\n<p>El cinco veces campe\u00f3n de la NBA, Kobe Bryant, es nombrado embajador de la Copa Mundial de China 2019. <\/p>\n<p>Kobe Bryant fue nombrado embajador de la Copa del Mundo 2019 de basquetbol en China. El cinco veces campe\u00f3n de la NBA y dos veces medallista de oro ol\u00edmpico hizo el anuncio a trav\u00e9s de su cuenta en Twitter.<\/p>\n<p>Bryant se une a su antiguo rival de la NBA, Yao Ming, que ahora dirige la Asociaci\u00f3n China de Basquetbol, como embajador del renovado torneo. La primera Copa Mundial de 32 naciones se jugar\u00e1 del 31 de agosto al 15 de septiembre en ocho ciudades del gigante asi\u00e1tico.<\/p>\n<p>El sorteo de la competici\u00f3n est\u00e1 previsto para el 16 de marzo en Shenzhen.<\/p>\n<p>*************************<br \/>B\u00c9ISBOL <br \/>Rating de la Serie Mundial se desploma<\/p>\n<p>\u00a0\u00a0 \u00a0\u2022\u00a0\u00a0 \u00a0Ni siquiera ser dos de las franquicias m\u00e1s populares de las Grandes Ligas ayud\u00f3 a evitar la ca\u00edda en los niveles de espectadores\u2028<\/p>\n<p>Para las nuevas generaciones, el beisbol no es algo tan atractivo como lo son otros deportes. Al menos eso reflejan los bajos ratings que present\u00f3 la Serie Mundial 2018, entre Red Sox y Dodgers.<\/p>\n<p>Ni siquiera ser dos de las franquicias m\u00e1s populares de las Grandes Ligas ayud\u00f3 a evitar la ca\u00edda en los niveles de espectadores, como lo reportan los n\u00fameros que present\u00f3 FanGraphs.com.<\/p>\n<p>De acuerdo a un reporte de este portal, m\u00e1s publicaciones de medios estadounidenses como LA Times, el Cl\u00e1sico de Oto\u00f1o del 2018 present\u00f3 una de las peores cifras de televidentes de los \u00faltimos a\u00f1os.<\/p>\n<p>Las gr\u00e1ficas muestran una disminuci\u00f3n gradual en los ratings para la Serie Mundial en las \u00faltimas d\u00e9cadas, con algunas excepciones como la pelea por el t\u00edtulo entre Cubs e Indians en 2016, en la que la novena de Chicago rompi\u00f3 su sequ\u00eda sin campeonatos.<\/p>\n<p>No obstante, tambi\u00e9n se dimensiona que en general, los niveles de audiencia en Estados Unidos han ca\u00eddo en todos los programas, y no s\u00f3lo en los deportes.<\/p>\n<p>Incluso as\u00ed, el beisbol no debe dejar de preocuparse por su poca captaci\u00f3n de aficionados en las nuevas generaciones.<\/p>\n<p>Para dar un ejemplo, la cuenta de Twitter de la Major League Baseball (MLB) tiene 8.3 millones de seguidores, lejos de los 24.3 millones y 27.6 millones de seguidores de la NFL y NBA, respectivamente.<\/p>\n","protected":false},"excerpt":{"rendered":"<p>MASTERS DE PAR\u00cdS Rafael Nadal se retira por lesi\u00f3n \u00a0\u00a0 \u00a0\u2022\u00a0\u00a0 \u00a0El tenista espa\u00f1ol abandona la competencia por lesi\u00f3n, Novak Djokovic ser\u00e1 el nuevo n\u00famero uno\u2028<\/p>\n","protected":false},"author":93,"featured_media":0,"comment_status":"open","ping_status":"open","sticky":false,"template":"","format":"standard","meta":{"footnotes":""},"categories":[39],"tags":[],"class_list":["post-73254","post","type-post","status-publish","format-standard","hentry","category-deportiva"],"_links":{"self":[{"href":"https:\/\/plazajuarez.mx\/historico\/wp-json\/wp\/v2\/posts\/73254","targetHints":{"allow":["GET"]}}],"collection":[{"href":"https:\/\/plazajuarez.mx\/historico\/wp-json\/wp\/v2\/posts"}],"about":[{"href":"https:\/\/plazajuarez.mx\/historico\/wp-json\/wp\/v2\/types\/post"}],"author":[{"embeddable":true,"href":"https:\/\/plazajuarez.mx\/historico\/wp-json\/wp\/v2\/users\/93"}],"replies":[{"embeddable":true,"href":"https:\/\/plazajuarez.mx\/historico\/wp-json\/wp\/v2\/comments?post=73254"}],"version-history":[{"count":0,"href":"https:\/\/plazajuarez.mx\/historico\/wp-json\/wp\/v2\/posts\/73254\/revisions"}],"wp:attachment":[{"href":"https:\/\/plazajuarez.mx\/historico\/wp-json\/wp\/v2\/media?parent=73254"}],"wp:term":[{"taxonomy":"category","embeddable":true,"href":"https:\/\/plazajuarez.mx\/historico\/wp-json\/wp\/v2\/categories?post=73254"},{"taxonomy":"post_tag","embeddable":true,"href":"https:\/\/plazajuarez.mx\/historico\/wp-json\/wp\/v2\/tags?post=73254"}],"curies":[{"name":"wp","href":"https:\/\/api.w.org\/{rel}","templated":true}]}}