{"id":7285,"date":"2015-06-29T05:00:00","date_gmt":"2015-06-29T05:00:00","guid":{"rendered":"http:\/\/plazajuarez.mx\/index\/index.php\/2015\/06\/29\/ingresa-gente-mala-por-la-frontera-pero-amo-mexico-insiste-trump\/"},"modified":"2015-06-29T05:00:00","modified_gmt":"2015-06-29T05:00:00","slug":"ingresa-gente-mala-por-la-frontera-pero-amo-mexico-insiste-trump","status":"publish","type":"post","link":"https:\/\/plazajuarez.mx\/historico\/ingresa-gente-mala-por-la-frontera-pero-amo-mexico-insiste-trump\/","title":{"rendered":"Ingresa gente mala por la frontera, pero \u2018amo\u2019 M\u00e9xico, insiste Trump"},"content":{"rendered":"<p>El empresario de bienes ra\u00edces y aspirante republicano a la presidencia de Estados Unidos, Donald Trump, defendi\u00f3 sus comentarios despectivos sobre la inmigraci\u00f3n, pero suaviz\u00f3 su posici\u00f3n sobre M\u00e9xico.<\/p>\n<p>  <!--more-->  <\/p>\n<p>\u00a0<\/p>\n<p>\u00a0<\/p>\n<p>En una entrevista difundida este domingo por la cadena de televisi\u00f3n en espa\u00f1ol Telemundo, Trump reiter\u00f3 al periodista Jos\u00e9 D\u00edaz Balart parte de las declaraciones efectuadas durante el lanzamiento de su campa\u00f1a presidencial en Nueva York a principios de este mes.<\/p>\n<p>\u00a0<\/p>\n<p>Trump insisti\u00f3: \u201cTenemos gente que est\u00e1 llegando por la frontera que no son gente que deseamos\u201d.<\/p>\n<p>\u00a0<\/p>\n<p>\u201cMucha gente mala est\u00e1 ingresando\u201d, asever\u00f3 al se\u00f1alar que esa gente viene de todo el mundo. \u201cVas a tener terroristas que vienen a trav\u00e9s de la frontera; no tenemos protecci\u00f3n\u201d, indic\u00f3.<\/p>\n<p>\u00a0<\/p>\n<p>D\u00edaz Balart desafi\u00f3 a Trump, afirmando no se ha registrado ning\u00fan acto de terrorismo cometido por alguien que hubiera cruzado la frontera sur.<\/p>\n<p>\u00a0<\/p>\n<p>\u201cUsted no sabe eso\u201d, respondi\u00f3 Trump, al sostener que nadie conoce realmente qui\u00e9n est\u00e1 cruzando la frontera. \u201cCientos de miles est\u00e1n cruzando y no son inspeccionados\u00bc la frontera es totalmente abierta&#8221;, asegur\u00f3.<\/p>\n<p>\u00a0<\/p>\n<p>M\u00e9xico, dijo, \u201cse est\u00e1 aprovechando de nosotros al igual que muchos pa\u00edses y todo esto tiene mucho que ver tambi\u00e9n con el comercio\u201d.<\/p>\n<p>\u00a0<\/p>\n<p>Trump se\u00f1al\u00f3 sin embargo que respeta a M\u00e9xico. \u201cPrimero tienes que entender&#8230; me encantan los mexicanos, amo a la gente mexicana, amo a M\u00e9xico. He tenido tremendas relaciones con M\u00e9xico durante muchos, muchos a\u00f1os&#8230; y francamente eso es muy importante para m\u00ed\u201d, manifest\u00f3.<\/p>\n<p>\u00a0<\/p>\n<p>\u201cPero me estoy refiriendo a la gente que vienen a trav\u00e9s de esta frontera. Es muy porosa y, francamente, es vergonzosa desde el punto de vista de Estados Unidos&#8221;, apunt\u00f3.<\/p>\n<p>\u00a0<\/p>\n<p>\u201cAhora en lo que respecta al comercio, los l\u00edderes de M\u00e9xico son mucho m\u00e1s inteligentes que los de Estados Unidos. Nuestra gente no sabe lo que est\u00e1 haciendo, nuestros l\u00edderes no saben lo que est\u00e1n haciendo\u201d.<\/p>\n<p>\u00a0<\/p>\n<p>Los l\u00edderes mexicanos, indic\u00f3, \u201cest\u00e1n tomando totalmente ventaja de nosotros desde el punto de vista del comercio\u201d.<\/p>\n<p>\u00a0<\/p>\n<p>Tienes f\u00e1bricas de autos construy\u00e9ndose en todo M\u00e9xico. Cada trato que los l\u00edderes mexicanos negocian, sus negociadores est\u00e1n superando a nuestros negociadores y yo respeto eso, si (ellos) pueden salirse con la suya\u201d. (Agencias)<\/p>\n","protected":false},"excerpt":{"rendered":"<p>El empresario de bienes ra\u00edces y aspirante republicano a la presidencia de Estados Unidos, Donald Trump, defendi\u00f3 sus comentarios despectivos sobre la inmigraci\u00f3n, pero suaviz\u00f3 su posici\u00f3n sobre M\u00e9xico.<\/p>\n","protected":false},"author":93,"featured_media":0,"comment_status":"open","ping_status":"open","sticky":false,"template":"","format":"standard","meta":{"footnotes":""},"categories":[31],"tags":[],"class_list":["post-7285","post","type-post","status-publish","format-standard","hentry","category-orbe"],"_links":{"self":[{"href":"https:\/\/plazajuarez.mx\/historico\/wp-json\/wp\/v2\/posts\/7285","targetHints":{"allow":["GET"]}}],"collection":[{"href":"https:\/\/plazajuarez.mx\/historico\/wp-json\/wp\/v2\/posts"}],"about":[{"href":"https:\/\/plazajuarez.mx\/historico\/wp-json\/wp\/v2\/types\/post"}],"author":[{"embeddable":true,"href":"https:\/\/plazajuarez.mx\/historico\/wp-json\/wp\/v2\/users\/93"}],"replies":[{"embeddable":true,"href":"https:\/\/plazajuarez.mx\/historico\/wp-json\/wp\/v2\/comments?post=7285"}],"version-history":[{"count":0,"href":"https:\/\/plazajuarez.mx\/historico\/wp-json\/wp\/v2\/posts\/7285\/revisions"}],"wp:attachment":[{"href":"https:\/\/plazajuarez.mx\/historico\/wp-json\/wp\/v2\/media?parent=7285"}],"wp:term":[{"taxonomy":"category","embeddable":true,"href":"https:\/\/plazajuarez.mx\/historico\/wp-json\/wp\/v2\/categories?post=7285"},{"taxonomy":"post_tag","embeddable":true,"href":"https:\/\/plazajuarez.mx\/historico\/wp-json\/wp\/v2\/tags?post=7285"}],"curies":[{"name":"wp","href":"https:\/\/api.w.org\/{rel}","templated":true}]}}