{"id":7282,"date":"2015-06-29T05:00:00","date_gmt":"2015-06-29T05:00:00","guid":{"rendered":"http:\/\/plazajuarez.mx\/index\/index.php\/2015\/06\/29\/choque-entre-los-talibanes-y-el-ei-causa-13-muertos-en-afganistan\/"},"modified":"2015-06-29T05:00:00","modified_gmt":"2015-06-29T05:00:00","slug":"choque-entre-los-talibanes-y-el-ei-causa-13-muertos-en-afganistan","status":"publish","type":"post","link":"https:\/\/plazajuarez.mx\/historico\/choque-entre-los-talibanes-y-el-ei-causa-13-muertos-en-afganistan\/","title":{"rendered":"Choque entre los talibanes y el EI causa 13 muertos en Afganist\u00e1n"},"content":{"rendered":"<p>Al menos 13 insurgentes murieron en un enfrentamiento entre los talibanes y supuestos miembros del Estado Isl\u00e1mico (EI) en la provincia de Nangarhar, en el este de Afganist\u00e1n, inform\u00f3 a Efe una fuente oficial.<\/p>\n<p>  <!--more-->  <\/p>\n<p>\u00a0<\/p>\n<p>\u00a0<\/p>\n<p>El choque comenz\u00f3 hace dos d\u00edas en el distrito de Khogyani y en el mismo murieron siete talibanes y seis insurgentes del EI, dijo el portavoz del Ej\u00e9rcito afgano, Numan Hatifi.<\/p>\n<p>\u00a0<\/p>\n<p>&#8220;Insurgentes de ambos bandos han estado tomando posiciones en casas de civiles y eso ha creado problemas para la poblaci\u00f3n&#8221; , indic\u00f3 Hatif.<\/p>\n<p>\u00a0<\/p>\n<p>El portavoz afirm\u00f3 que los talibanes han perdido terreno en zonas remotas de Nangarhar ante el EI, que ha estado reclutando nuevos miembros en la zona.<\/p>\n<p>\u00a0<\/p>\n<p>A mediados de mes siete talibanes murieron, seis resultaron heridos y veinte fueron capturados en enfrentamientos con supuestos miembros del Estado Isl\u00e1mico (EI) en la misma provincia de Afganist\u00e1n.<\/p>\n<p>\u00a0<\/p>\n<p>\u00a0<\/p>\n<p>Un d\u00eda despu\u00e9s, los talibanes afganos advirtieron al autoproclamado califa del EI, Abu Bakr al Baghdadi, de que la actual lucha &#8220;contra Am\u00e9rica y sus t\u00edteres&#8221; en Afganist\u00e1n debe realizarse s\u00f3lo bajo la bandera talibana y amenaz\u00f3 con tomar represalias por su presencia en el pa\u00eds.<\/p>\n<p>\u00a0<\/p>\n<p>En una carta dirigida a Al Baghdadi, el n\u00famero dos de los talibanes, el mul\u00e1 Akhtar Muhamad Mansoor, exhort\u00f3 al EI a no &#8220;dar pie a los talibanes a reaccionar en su contra&#8221; e indic\u00f3 que la aparici\u00f3n de nuevos grupos yihadistas en territorio afgano supone un riesgo para los logros alcanzados por su formaci\u00f3n. (Agencias)<\/p>\n","protected":false},"excerpt":{"rendered":"<p>Al menos 13 insurgentes murieron en un enfrentamiento entre los talibanes y supuestos miembros del Estado Isl\u00e1mico (EI) en la provincia de Nangarhar, en el este de Afganist\u00e1n, inform\u00f3 a Efe una fuente oficial.<\/p>\n","protected":false},"author":93,"featured_media":0,"comment_status":"open","ping_status":"open","sticky":false,"template":"","format":"standard","meta":{"footnotes":""},"categories":[31],"tags":[],"class_list":["post-7282","post","type-post","status-publish","format-standard","hentry","category-orbe"],"_links":{"self":[{"href":"https:\/\/plazajuarez.mx\/historico\/wp-json\/wp\/v2\/posts\/7282","targetHints":{"allow":["GET"]}}],"collection":[{"href":"https:\/\/plazajuarez.mx\/historico\/wp-json\/wp\/v2\/posts"}],"about":[{"href":"https:\/\/plazajuarez.mx\/historico\/wp-json\/wp\/v2\/types\/post"}],"author":[{"embeddable":true,"href":"https:\/\/plazajuarez.mx\/historico\/wp-json\/wp\/v2\/users\/93"}],"replies":[{"embeddable":true,"href":"https:\/\/plazajuarez.mx\/historico\/wp-json\/wp\/v2\/comments?post=7282"}],"version-history":[{"count":0,"href":"https:\/\/plazajuarez.mx\/historico\/wp-json\/wp\/v2\/posts\/7282\/revisions"}],"wp:attachment":[{"href":"https:\/\/plazajuarez.mx\/historico\/wp-json\/wp\/v2\/media?parent=7282"}],"wp:term":[{"taxonomy":"category","embeddable":true,"href":"https:\/\/plazajuarez.mx\/historico\/wp-json\/wp\/v2\/categories?post=7282"},{"taxonomy":"post_tag","embeddable":true,"href":"https:\/\/plazajuarez.mx\/historico\/wp-json\/wp\/v2\/tags?post=7282"}],"curies":[{"name":"wp","href":"https:\/\/api.w.org\/{rel}","templated":true}]}}