{"id":7281,"date":"2015-06-29T05:00:00","date_gmt":"2015-06-29T05:00:00","guid":{"rendered":"http:\/\/plazajuarez.mx\/index\/index.php\/2015\/06\/29\/llegan-reyes-de-espana-a-mexico-comienzan-gira\/"},"modified":"2015-06-29T05:00:00","modified_gmt":"2015-06-29T05:00:00","slug":"llegan-reyes-de-espana-a-mexico-comienzan-gira","status":"publish","type":"post","link":"https:\/\/plazajuarez.mx\/historico\/llegan-reyes-de-espana-a-mexico-comienzan-gira\/","title":{"rendered":"Llegan reyes de Espa\u00f1a a M\u00e9xico; comienzan gira\u00a0\u00a0\u00a0\u00a0\u00a0\u00a0"},"content":{"rendered":"<p>M\u00c9XICO, D.F.\u2011 Los reyes de Espa\u00f1a, Felipe VI y Letizia, iniciaron este domingo una visita de Estado a M\u00e9xico, la primera que realizan en Am\u00e9rica Latina desde la proclamaci\u00f3n del monarca hace un a\u00f1o.<\/p>\n<p>  <!--more-->  <\/p>\n<p>\u00a0<\/p>\n<p>Al aterrizar en el Aeropuerto Internacional de la Ciudad de M\u00e9xico (AICM) en punto de las 20:00 horas, fueron recibidos por el canciller Jos\u00e9 Antonio Meade, el subsecretario de Relaciones Exteriores, Carlos de Icaza, la embajadora de M\u00e9xico en Espa\u00f1a, Roberta Lajous y por el embajador de Espa\u00f1a en M\u00e9xico, Luis Fern\u00e1ndez\u2011Cid. Y de all\u00ed se trasladaron al hotel Presidente Intercontinental, donde se alojar\u00e1n durante toda su visita.<\/p>\n<p>Los monarcas est\u00e1n acompa\u00f1ados de Jos\u00e9 Manuel Garc\u00eda Margallo, ministro de Asuntos Exteriores y Cooperaci\u00f3n; Jaime Alfonsin, jefe de la Casa de su Majestad; Jaime Garcia Legaz, secretario de Estado para el Comercio; y Victor Garc\u00eda de la Concha, director del Instituto Cervantes.<\/p>\n<p>Los monarcas espa\u00f1oles, quienes estar\u00e1n en M\u00e9xico hasta el mi\u00e9rcoles, sostendr\u00e1n varios eventos en el Distrito Federal, reuniones con miembros del gobierno federal y con el presidente Enrique Pe\u00f1a Nieto, as\u00ed como con representantes de la comunidad espa\u00f1ola en M\u00e9xico. Tambi\u00e9n visitar\u00e1n el estado de Zacatecas. (Agencias)<\/p>\n","protected":false},"excerpt":{"rendered":"<p>M\u00c9XICO, D.F.\u2011 Los reyes de Espa\u00f1a, Felipe VI y Letizia, iniciaron este domingo una visita de Estado a M\u00e9xico, la primera que realizan en Am\u00e9rica Latina desde la proclamaci\u00f3n del monarca hace un a\u00f1o.<\/p>\n","protected":false},"author":93,"featured_media":0,"comment_status":"open","ping_status":"open","sticky":false,"template":"","format":"standard","meta":{"footnotes":""},"categories":[36],"tags":[],"class_list":["post-7281","post","type-post","status-publish","format-standard","hentry","category-nacion"],"_links":{"self":[{"href":"https:\/\/plazajuarez.mx\/historico\/wp-json\/wp\/v2\/posts\/7281","targetHints":{"allow":["GET"]}}],"collection":[{"href":"https:\/\/plazajuarez.mx\/historico\/wp-json\/wp\/v2\/posts"}],"about":[{"href":"https:\/\/plazajuarez.mx\/historico\/wp-json\/wp\/v2\/types\/post"}],"author":[{"embeddable":true,"href":"https:\/\/plazajuarez.mx\/historico\/wp-json\/wp\/v2\/users\/93"}],"replies":[{"embeddable":true,"href":"https:\/\/plazajuarez.mx\/historico\/wp-json\/wp\/v2\/comments?post=7281"}],"version-history":[{"count":0,"href":"https:\/\/plazajuarez.mx\/historico\/wp-json\/wp\/v2\/posts\/7281\/revisions"}],"wp:attachment":[{"href":"https:\/\/plazajuarez.mx\/historico\/wp-json\/wp\/v2\/media?parent=7281"}],"wp:term":[{"taxonomy":"category","embeddable":true,"href":"https:\/\/plazajuarez.mx\/historico\/wp-json\/wp\/v2\/categories?post=7281"},{"taxonomy":"post_tag","embeddable":true,"href":"https:\/\/plazajuarez.mx\/historico\/wp-json\/wp\/v2\/tags?post=7281"}],"curies":[{"name":"wp","href":"https:\/\/api.w.org\/{rel}","templated":true}]}}