{"id":72697,"date":"2018-10-23T13:46:07","date_gmt":"2018-10-23T13:46:07","guid":{"rendered":"http:\/\/plazajuarez.mx\/index\/index.php\/2018\/10\/23\/el-sutcecyteh-exige-destitucion-del-director-general-y-directores\/"},"modified":"2018-10-23T13:46:07","modified_gmt":"2018-10-23T13:46:07","slug":"el-sutcecyteh-exige-destitucion-del-director-general-y-directores","status":"publish","type":"post","link":"https:\/\/plazajuarez.mx\/historico\/el-sutcecyteh-exige-destitucion-del-director-general-y-directores\/","title":{"rendered":"El SUTCECYTEH exige destituci\u00f3n del director general y directores"},"content":{"rendered":"<p>Huejutla<br \/>\u00a0\u00a0 \u00a0\u2022\u00a0\u00a0 \u00a0Los acusan de acosar laboralmente a personal sindicalizado \u2028<\/p>\n<p>  <!--more-->  <\/p>\n<p>Trabajadores de los diferentes planteles pertenecientes a la Huasteca y del Estado de Hidalgo, se presentaron ayer en la ma\u00f1ana frente al Palacio de Gobierno en la Ciudad de Pachuca, para exigir la destituci\u00f3n del director general de Colegio de Estudios Cient\u00edficos y Estudios Tecnol\u00f3gicos del Estado de Hidalgo, Sergio Arteaga Carre\u00f1o, as\u00ed como a directores que supuestamente han estado acosando al personal que integra al Sindicato \u00danico de Trabajadores del Colegio de Estudios Cient\u00edficos y Tecnol\u00f3gicos del Estado de Hidalgo (SUTCECYTEH).<br \/>Su inconformidad se debe a que personal directivo ha buscado, por m\u00faltiples medios, que el personal que forma parte del sindicato SUTCECYTEH ha recibido presuntamente m\u00faltiples acosos y amenazas, para que se deslinden de dicha organizaci\u00f3n y ya no sigan luchando por los derechos que les corresponde como trabajadores.<br \/>Agregaron que hasta el momento, en algunos planteles, han sido v\u00edctimas de hostigamiento y hasta de discriminaci\u00f3n, para orillarlos a abandonar sus ideales y no seguir formando parte de dicha organizaci\u00f3n. <br \/>Es por ello que decidieron manifestarse frente a las oficinas de Palacio de Gobierno y posteriormente fueron apoyados por algunos diputados, mismos que los visitaron hasta donde ellos se encontraban y los acompa\u00f1aron a hablar con personal de gobierno, acordando finalmente que durante noviembre se resolver\u00eda de manera afirmativa su situaci\u00f3n.<br \/>\u201cNos vamos a mantener firmes y ning\u00fan directivo nos va amedrentar, hoy decimos NO AL ACOSO LABORAL y exigimos que se respeten nuestros derechos como trabajadores\u201d, apuntaron algunos integrantes del SUTCECYTEH, ante este medio.<br \/>Jubilados y pensionados exigen la abrogaci\u00f3n del UMA y de la Reforma Educativa.<\/p>\n","protected":false},"excerpt":{"rendered":"<p>Huejutla\u00a0\u00a0 \u00a0\u2022\u00a0\u00a0 \u00a0Los acusan de acosar laboralmente a personal sindicalizado \u2028<\/p>\n","protected":false},"author":93,"featured_media":0,"comment_status":"open","ping_status":"open","sticky":false,"template":"","format":"standard","meta":{"footnotes":""},"categories":[40],"tags":[],"class_list":["post-72697","post","type-post","status-publish","format-standard","hentry","category-region"],"_links":{"self":[{"href":"https:\/\/plazajuarez.mx\/historico\/wp-json\/wp\/v2\/posts\/72697","targetHints":{"allow":["GET"]}}],"collection":[{"href":"https:\/\/plazajuarez.mx\/historico\/wp-json\/wp\/v2\/posts"}],"about":[{"href":"https:\/\/plazajuarez.mx\/historico\/wp-json\/wp\/v2\/types\/post"}],"author":[{"embeddable":true,"href":"https:\/\/plazajuarez.mx\/historico\/wp-json\/wp\/v2\/users\/93"}],"replies":[{"embeddable":true,"href":"https:\/\/plazajuarez.mx\/historico\/wp-json\/wp\/v2\/comments?post=72697"}],"version-history":[{"count":0,"href":"https:\/\/plazajuarez.mx\/historico\/wp-json\/wp\/v2\/posts\/72697\/revisions"}],"wp:attachment":[{"href":"https:\/\/plazajuarez.mx\/historico\/wp-json\/wp\/v2\/media?parent=72697"}],"wp:term":[{"taxonomy":"category","embeddable":true,"href":"https:\/\/plazajuarez.mx\/historico\/wp-json\/wp\/v2\/categories?post=72697"},{"taxonomy":"post_tag","embeddable":true,"href":"https:\/\/plazajuarez.mx\/historico\/wp-json\/wp\/v2\/tags?post=72697"}],"curies":[{"name":"wp","href":"https:\/\/api.w.org\/{rel}","templated":true}]}}